{"id":12244,"date":"2024-07-25T02:14:26","date_gmt":"2024-07-25T02:14:26","guid":{"rendered":"https:\/\/alminutonoticia.com\/noticias\/?p=12244"},"modified":"2024-07-25T02:14:28","modified_gmt":"2024-07-25T02:14:28","slug":"unidos-por-la-danza-un-espectaculo-con-mas-de-50-bailarines-en-escena-el-27-de-julio","status":"publish","type":"post","link":"https:\/\/alminutonoticia.com\/noticias\/unidos-por-la-danza-un-espectaculo-con-mas-de-50-bailarines-en-escena-el-27-de-julio\/","title":{"rendered":"\u2018Unidos por la danza\u2019, un espect\u00e1culo con m\u00e1s de 50 bailarines en escena el 27 de julio"},"content":{"rendered":"\n<p>En conferencia de prensa, el Ministerio de Cultura (MiCultura) dio a conocer detalles de la primera gala \u00abUnidos por la Danza\u00bb, un espect\u00e1culo que reunir\u00e1 a m\u00e1s de 50 bailarines nacionales e internacionales en una celebraci\u00f3n \u00fanica el pr\u00f3ximo s\u00e1bado 27 de julio en el Teatro Anayansi del Centro de Convenciones ATLAPA. La entrada es libre y se han distribuido m\u00e1s de 750 localidades hasta la fecha.<\/p>\n\n\n\n<p>El evento contar\u00e1 con destacados bailarines del Ballet de Washington y Houston, quienes, junto con el Ballet Nacional de Panam\u00e1 y talentos emergentes, presentar\u00e1n un repertorio inspirado en cl\u00e1sicos como el Pas de Deux del cisne blanco y cisne negro, Pas de Deux del ballet Sylvia, y Esmeralda. Adem\u00e1s, se presentar\u00e1n piezas coreogr\u00e1ficas contempor\u00e1neas in\u00e9ditas de compa\u00f1\u00edas profesionales de danza nacional.<\/p>\n\n\n\n<p>En el escenario se mostrar\u00e1n d\u00faos neocl\u00e1sicos de core\u00f3grafos paname\u00f1os interpretados por bailarines del Ballet Nacional de Panam\u00e1, as\u00ed como agrupaciones independientes. Habr\u00e1 solos de danza cl\u00e1sica y contempor\u00e1nea interpretados por j\u00f3venes talentos paname\u00f1os.<\/p>\n\n\n\n<p>Entre los invitados internacionales se encuentran figuras reconocidas mundialmente en el campo de la danza como Javier Morera, Oscar S\u00e1nchez, Gian Carlo P\u00e9rez y Karina Gonz\u00e1lez.<\/p>\n\n\n\n<p>La ministra de Cultura, Maruja Herrera, resalt\u00f3 que, en su administraci\u00f3n, el arte ser\u00e1 para todos, sin excepciones, porque cree firmemente en el poder inclusivo de la cultura. Tambi\u00e9n, detall\u00f3 que desde el 2021 fue creada una nueva estructura dentro de esta entidad, la Compa\u00f1\u00eda Nacional de Danzas, la cual comenzar\u00e1 sus actividades con este evento y tendr\u00e1 la tarea de identificar, formalizar y apoyar a los artistas de la danza a nivel nacional.<\/p>\n\n\n\n<p>Se anunci\u00f3 tambi\u00e9n la pr\u00f3xima realizaci\u00f3n de audiciones para nuevos bailarines, tanto en danza cl\u00e1sica como para la creaci\u00f3n de una compa\u00f1\u00eda juvenil y una de danza contempor\u00e1nea.<\/p>\n\n\n\n<p>Se fortalecer\u00e1n otros g\u00e9neros como el urbano y el jazz, importantes dentro de nuestra industria cultural, proporcionando as\u00ed mayores oportunidades para los talentos locales.<\/p>\n\n\n\n<p>Las entradas para este evento deben ser retiradas en el Edificio de Danza de la Ciudad de las Artes hasta el jueves 25 de julio, en horario de 9:00 a.m. a 3:00 p.m.<\/p>\n\n\n\n<figure class=\"wp-block-image size-full\"><a href=\"https:\/\/alminutonoticia.com\/noticias\/wp-content\/uploads\/2024\/07\/danzas-s-770x470-1.jpeg\"><img fetchpriority=\"high\" decoding=\"async\" width=\"770\" height=\"470\" src=\"https:\/\/alminutonoticia.com\/noticias\/wp-content\/uploads\/2024\/07\/danzas-s-770x470-1.jpeg\" alt=\"\" class=\"wp-image-12245\" title=\"\" srcset=\"https:\/\/alminutonoticia.com\/noticias\/wp-content\/uploads\/2024\/07\/danzas-s-770x470-1.jpeg 770w, https:\/\/alminutonoticia.com\/noticias\/wp-content\/uploads\/2024\/07\/danzas-s-770x470-1-300x183.jpeg 300w, https:\/\/alminutonoticia.com\/noticias\/wp-content\/uploads\/2024\/07\/danzas-s-770x470-1-768x469.jpeg 768w\" sizes=\"(max-width: 770px) 100vw, 770px\" \/><\/a><\/figure>\n","protected":false},"excerpt":{"rendered":"<p>En conferencia de prensa, el Ministerio de Cultura (MiCultura) dio a conocer detalles de la primera gala \u00abUnidos por la Danza\u00bb, un espect\u00e1culo que reunir\u00e1 a m\u00e1s de 50 bailarines nacionales e internacionales en una celebraci\u00f3n \u00fanica el pr\u00f3ximo s\u00e1bado 27 de julio en el Teatro Anayansi del Centro de Convenciones ATLAPA. La entrada es [&hellip;]<\/p>\n","protected":false},"author":3,"featured_media":12245,"comment_status":"open","ping_status":"open","sticky":false,"template":"","format":"standard","meta":{"footnotes":""},"categories":[41,36],"tags":[],"class_list":["post-12244","post","type-post","status-publish","format-standard","has-post-thumbnail","hentry","category-cultura-y-farandula","category-nacionales"],"_links":{"self":[{"href":"https:\/\/alminutonoticia.com\/noticias\/wp-json\/wp\/v2\/posts\/12244","targetHints":{"allow":["GET"]}}],"collection":[{"href":"https:\/\/alminutonoticia.com\/noticias\/wp-json\/wp\/v2\/posts"}],"about":[{"href":"https:\/\/alminutonoticia.com\/noticias\/wp-json\/wp\/v2\/types\/post"}],"author":[{"embeddable":true,"href":"https:\/\/alminutonoticia.com\/noticias\/wp-json\/wp\/v2\/users\/3"}],"replies":[{"embeddable":true,"href":"https:\/\/alminutonoticia.com\/noticias\/wp-json\/wp\/v2\/comments?post=12244"}],"version-history":[{"count":1,"href":"https:\/\/alminutonoticia.com\/noticias\/wp-json\/wp\/v2\/posts\/12244\/revisions"}],"predecessor-version":[{"id":12246,"href":"https:\/\/alminutonoticia.com\/noticias\/wp-json\/wp\/v2\/posts\/12244\/revisions\/12246"}],"wp:featuredmedia":[{"embeddable":true,"href":"https:\/\/alminutonoticia.com\/noticias\/wp-json\/wp\/v2\/media\/12245"}],"wp:attachment":[{"href":"https:\/\/alminutonoticia.com\/noticias\/wp-json\/wp\/v2\/media?parent=12244"}],"wp:term":[{"taxonomy":"category","embeddable":true,"href":"https:\/\/alminutonoticia.com\/noticias\/wp-json\/wp\/v2\/categories?post=12244"},{"taxonomy":"post_tag","embeddable":true,"href":"https:\/\/alminutonoticia.com\/noticias\/wp-json\/wp\/v2\/tags?post=12244"}],"curies":[{"name":"wp","href":"https:\/\/api.w.org\/{rel}","templated":true}]}}