{"id":12238,"date":"2024-07-25T02:11:02","date_gmt":"2024-07-25T02:11:02","guid":{"rendered":"https:\/\/alminutonoticia.com\/noticias\/?p=12238"},"modified":"2024-07-25T02:11:04","modified_gmt":"2024-07-25T02:11:04","slug":"se-imposibilita-traslado-de-presos-de-herrera-que-estan-en-la-joya-por-condiciones-de-las-instalaciones","status":"publish","type":"post","link":"https:\/\/alminutonoticia.com\/noticias\/se-imposibilita-traslado-de-presos-de-herrera-que-estan-en-la-joya-por-condiciones-de-las-instalaciones\/","title":{"rendered":"Se imposibilita traslado de presos de Herrera que est\u00e1n en La Joya por condiciones de las instalaciones"},"content":{"rendered":"\n<p>Una inspecci\u00f3n a la instalaci\u00f3n del centro penitenciario de Chitr\u00e9 efectu\u00f3 la Direcci\u00f3n General del Sistema Penitenciario (DGSP), en coordinaci\u00f3n con la Oficina de Infraestructura y Mantenimiento (OIM) del Ministerio de Gobierno y la Gobernaci\u00f3n de la provincia de Herrera, estableci\u00f3 que no hay condiciones de este centro para el regreso de los privados de libertad que est\u00e1n en el pabell\u00f3n 7 de La Joya.<\/p>\n\n\n\n<p>En la inspecci\u00f3n las autoridades detectaron diversas anomal\u00edas estructurales al proyecto de reparaci\u00f3n de losa, que data de dos a\u00f1os y a esto se le suma, la recomendaci\u00f3n del Ministerio de Salud que indica que el lugar es insalubre y por ende inhabitable para reclusos y funcionarios.<\/p>\n\n\n\n<p>Sobre esta situaci\u00f3n se inform\u00f3 a los familiares de los privados de libertad, explic\u00e1ndoles adem\u00e1s que es prioridad para la DGSP que se analizan otras alternativas que permitan su pronto.<\/p>\n\n\n\n<figure class=\"wp-block-image size-full\"><a href=\"https:\/\/alminutonoticia.com\/noticias\/wp-content\/uploads\/2024\/07\/reos-770x470-1.jpeg\"><img fetchpriority=\"high\" decoding=\"async\" width=\"770\" height=\"470\" src=\"https:\/\/alminutonoticia.com\/noticias\/wp-content\/uploads\/2024\/07\/reos-770x470-1.jpeg\" alt=\"\" class=\"wp-image-12239\" title=\"\" srcset=\"https:\/\/alminutonoticia.com\/noticias\/wp-content\/uploads\/2024\/07\/reos-770x470-1.jpeg 770w, https:\/\/alminutonoticia.com\/noticias\/wp-content\/uploads\/2024\/07\/reos-770x470-1-300x183.jpeg 300w, https:\/\/alminutonoticia.com\/noticias\/wp-content\/uploads\/2024\/07\/reos-770x470-1-768x469.jpeg 768w\" sizes=\"(max-width: 770px) 100vw, 770px\" \/><\/a><\/figure>\n","protected":false},"excerpt":{"rendered":"<p>Una inspecci\u00f3n a la instalaci\u00f3n del centro penitenciario de Chitr\u00e9 efectu\u00f3 la Direcci\u00f3n General del Sistema Penitenciario (DGSP), en coordinaci\u00f3n con la Oficina de Infraestructura y Mantenimiento (OIM) del Ministerio de Gobierno y la Gobernaci\u00f3n de la provincia de Herrera, estableci\u00f3 que no hay condiciones de este centro para el regreso de los privados de [&hellip;]<\/p>\n","protected":false},"author":3,"featured_media":12239,"comment_status":"open","ping_status":"open","sticky":false,"template":"","format":"standard","meta":{"footnotes":""},"categories":[36],"tags":[],"class_list":["post-12238","post","type-post","status-publish","format-standard","has-post-thumbnail","hentry","category-nacionales"],"_links":{"self":[{"href":"https:\/\/alminutonoticia.com\/noticias\/wp-json\/wp\/v2\/posts\/12238","targetHints":{"allow":["GET"]}}],"collection":[{"href":"https:\/\/alminutonoticia.com\/noticias\/wp-json\/wp\/v2\/posts"}],"about":[{"href":"https:\/\/alminutonoticia.com\/noticias\/wp-json\/wp\/v2\/types\/post"}],"author":[{"embeddable":true,"href":"https:\/\/alminutonoticia.com\/noticias\/wp-json\/wp\/v2\/users\/3"}],"replies":[{"embeddable":true,"href":"https:\/\/alminutonoticia.com\/noticias\/wp-json\/wp\/v2\/comments?post=12238"}],"version-history":[{"count":1,"href":"https:\/\/alminutonoticia.com\/noticias\/wp-json\/wp\/v2\/posts\/12238\/revisions"}],"predecessor-version":[{"id":12240,"href":"https:\/\/alminutonoticia.com\/noticias\/wp-json\/wp\/v2\/posts\/12238\/revisions\/12240"}],"wp:featuredmedia":[{"embeddable":true,"href":"https:\/\/alminutonoticia.com\/noticias\/wp-json\/wp\/v2\/media\/12239"}],"wp:attachment":[{"href":"https:\/\/alminutonoticia.com\/noticias\/wp-json\/wp\/v2\/media?parent=12238"}],"wp:term":[{"taxonomy":"category","embeddable":true,"href":"https:\/\/alminutonoticia.com\/noticias\/wp-json\/wp\/v2\/categories?post=12238"},{"taxonomy":"post_tag","embeddable":true,"href":"https:\/\/alminutonoticia.com\/noticias\/wp-json\/wp\/v2\/tags?post=12238"}],"curies":[{"name":"wp","href":"https:\/\/api.w.org\/{rel}","templated":true}]}}