{"id":12232,"date":"2024-07-25T02:06:55","date_gmt":"2024-07-25T02:06:55","guid":{"rendered":"https:\/\/alminutonoticia.com\/noticias\/?p=12232"},"modified":"2024-07-25T02:06:58","modified_gmt":"2024-07-25T02:06:58","slug":"desarticulan-red-dedicada-al-trafico-ilicito-de-migrantes","status":"publish","type":"post","link":"https:\/\/alminutonoticia.com\/noticias\/desarticulan-red-dedicada-al-trafico-ilicito-de-migrantes\/","title":{"rendered":"Desarticulan red dedicada al tr\u00e1fico il\u00edcito de migrantes"},"content":{"rendered":"\n<p>La Fiscal\u00eda Primera Superior Especializada contra la Delincuencia Organizada, logr\u00f3 la aprehensi\u00f3n de siete personas, vinculadas presuntamente con el delito de tr\u00e1fico il\u00edcito de migrantes, esto como parte de la operaci\u00f3n \u201cMatsu\u201d desarrollada en la provincia de Chiriqu\u00ed.<\/p>\n\n\n\n<p>El fiscal Emeldo M\u00e1rquez, explic\u00f3 que esta investigaci\u00f3n inici\u00f3 en mayo del 2023, y la misma pudo determinar que se trata de un grupo delincuencial organizado, que se dedicaba a movilizar a personas migrantes de nacionalidad china en su mayor\u00eda, los cuales llegaban a la provincia de Chiriqu\u00ed, procedentes de la ciudad capital. Una vez esta regi\u00f3n eran dejados en hoteles por algunos d\u00edas y despu\u00e9s los movilizaban hasta Paso Canoas con el objetivo de seguir la ruta por Centroam\u00e9rica, hasta su objetivo final en Estados Unidos.<\/p>\n\n\n\n<p>Para ello manten\u00edan contactos con personas en toda esta ruta que eran los encargados de seguir la labor ilegal.<\/p>\n\n\n\n<p>En este trabajo, se emplearon diversas t\u00e9cnicas de investigaci\u00f3n, entre las que est\u00e1n, m\u00e1s de 25 diligencias de vigilancia y seguimiento, que permiti\u00f3 corroborar la existencia y operaci\u00f3n de un grupo de personas que transportaban a ciudadanos extranjeros hacia el \u00e1rea de la frontera y all\u00ed entregaban a las mismas a otros ciudadanos de origen costarricense.<\/p>\n\n\n\n<p>Estas investigaciones reflejaron tambi\u00e9n que para la movilizaci\u00f3n de ellos se utilizaban veh\u00edculos de transporte selectivo, en horas nocturnas.<\/p>\n\n\n\n<p>Este mi\u00e9rcoles 23 de julio, dicho operativo permiti\u00f3 la realizaci\u00f3n de 12 diligencias de allanamientos en los distritos de David, Bugaba, Alanje y Boquete. La recuperaci\u00f3n de 18 equipos celulares, 2 computadoras, m\u00e1s de 70 mil balboas y un arma de fuego sin los permisos correspondientes.<\/p>\n\n\n\n<p>En las pr\u00f3ximas horas se espera llevar a los aprehendidos ante un juez de garant\u00edas, a fin de legalizar su aprehensi\u00f3n, formular el cargo por el presunto delito de tr\u00e1fico ilegal de migrantes, cuya pena que va de los 15 a los 20 a\u00f1os de prisi\u00f3n, y solicitar la aplicaci\u00f3n de medidas cautelares acordes con el hecho delictivo.<\/p>\n\n\n\n<figure class=\"wp-block-image size-full\"><a href=\"https:\/\/alminutonoticia.com\/noticias\/wp-content\/uploads\/2024\/07\/migra-s-770x470-1.jpg\"><img fetchpriority=\"high\" decoding=\"async\" width=\"770\" height=\"470\" src=\"https:\/\/alminutonoticia.com\/noticias\/wp-content\/uploads\/2024\/07\/migra-s-770x470-1.jpg\" alt=\"\" class=\"wp-image-12233\" title=\"\" srcset=\"https:\/\/alminutonoticia.com\/noticias\/wp-content\/uploads\/2024\/07\/migra-s-770x470-1.jpg 770w, https:\/\/alminutonoticia.com\/noticias\/wp-content\/uploads\/2024\/07\/migra-s-770x470-1-300x183.jpg 300w, https:\/\/alminutonoticia.com\/noticias\/wp-content\/uploads\/2024\/07\/migra-s-770x470-1-768x469.jpg 768w\" sizes=\"(max-width: 770px) 100vw, 770px\" \/><\/a><\/figure>\n","protected":false},"excerpt":{"rendered":"<p>La Fiscal\u00eda Primera Superior Especializada contra la Delincuencia Organizada, logr\u00f3 la aprehensi\u00f3n de siete personas, vinculadas presuntamente con el delito de tr\u00e1fico il\u00edcito de migrantes, esto como parte de la operaci\u00f3n \u201cMatsu\u201d desarrollada en la provincia de Chiriqu\u00ed. El fiscal Emeldo M\u00e1rquez, explic\u00f3 que esta investigaci\u00f3n inici\u00f3 en mayo del 2023, y la misma pudo [&hellip;]<\/p>\n","protected":false},"author":3,"featured_media":12233,"comment_status":"open","ping_status":"open","sticky":false,"template":"","format":"standard","meta":{"footnotes":""},"categories":[36],"tags":[],"class_list":["post-12232","post","type-post","status-publish","format-standard","has-post-thumbnail","hentry","category-nacionales"],"_links":{"self":[{"href":"https:\/\/alminutonoticia.com\/noticias\/wp-json\/wp\/v2\/posts\/12232","targetHints":{"allow":["GET"]}}],"collection":[{"href":"https:\/\/alminutonoticia.com\/noticias\/wp-json\/wp\/v2\/posts"}],"about":[{"href":"https:\/\/alminutonoticia.com\/noticias\/wp-json\/wp\/v2\/types\/post"}],"author":[{"embeddable":true,"href":"https:\/\/alminutonoticia.com\/noticias\/wp-json\/wp\/v2\/users\/3"}],"replies":[{"embeddable":true,"href":"https:\/\/alminutonoticia.com\/noticias\/wp-json\/wp\/v2\/comments?post=12232"}],"version-history":[{"count":1,"href":"https:\/\/alminutonoticia.com\/noticias\/wp-json\/wp\/v2\/posts\/12232\/revisions"}],"predecessor-version":[{"id":12234,"href":"https:\/\/alminutonoticia.com\/noticias\/wp-json\/wp\/v2\/posts\/12232\/revisions\/12234"}],"wp:featuredmedia":[{"embeddable":true,"href":"https:\/\/alminutonoticia.com\/noticias\/wp-json\/wp\/v2\/media\/12233"}],"wp:attachment":[{"href":"https:\/\/alminutonoticia.com\/noticias\/wp-json\/wp\/v2\/media?parent=12232"}],"wp:term":[{"taxonomy":"category","embeddable":true,"href":"https:\/\/alminutonoticia.com\/noticias\/wp-json\/wp\/v2\/categories?post=12232"},{"taxonomy":"post_tag","embeddable":true,"href":"https:\/\/alminutonoticia.com\/noticias\/wp-json\/wp\/v2\/tags?post=12232"}],"curies":[{"name":"wp","href":"https:\/\/api.w.org\/{rel}","templated":true}]}}