{"id":12226,"date":"2024-07-25T02:03:50","date_gmt":"2024-07-25T02:03:50","guid":{"rendered":"https:\/\/alminutonoticia.com\/noticias\/?p=12226"},"modified":"2024-07-25T02:03:53","modified_gmt":"2024-07-25T02:03:53","slug":"mueren-ahogados-10-migrantes-los-sorprende-cabeza-de-agua","status":"publish","type":"post","link":"https:\/\/alminutonoticia.com\/noticias\/mueren-ahogados-10-migrantes-los-sorprende-cabeza-de-agua\/","title":{"rendered":"Mueren ahogados 10 migrantes, los sorprende cabeza de agua"},"content":{"rendered":"\n<p>El Servicio Nacional de Fronteras (Senafront), comunic\u00f3 este 24 de julio que unos 10 migrantes fallecieron ahogados.<\/p>\n\n\n\n<p>\u201cEn las afluentes ribere\u00f1as cercanas a la comunidad de Carreto, se observaron 10 cuerpos de migrantes que fallecieron ahogados producto de una cabeza de agua\u201d, explica un comunicado del Senafront.<\/p>\n\n\n\n<p>Destacan que a pesar de los grandes esfuerzos del Gobierno Nacional, a trav\u00e9s de esta instituci\u00f3n, para canalizar la migraci\u00f3n irregular por el corredor humanitario que ofrece mayor protecci\u00f3n a la poblaci\u00f3n migrante, la delincuencia organizada transnacional a trav\u00e9s de colaboradores locales de estas comunidades costeras del Caribe insisten en utilizar pasos no autorizados, poniendo en grave riesgo la vida de estas personas como es el caso que se investiga.<\/p>\n\n\n\n<p>Senafront puso en conocimiento al Ministerio P\u00fablico sobre esta situaci\u00f3n, considerando que supuestamente se hayan sepultado estos cuerpos para encubrir sus nexos criminales con el tr\u00e1fico de migrantes.<\/p>\n\n\n\n<p>Reiteran que el paso autorizado para la migraci\u00f3n irregular es el que conduce a Ca\u00f1as Blancas, donde se disponen de patrullas especializadas para su protecci\u00f3n y asistencia humanitaria.<\/p>\n\n\n\n<figure class=\"wp-block-image size-full\"><a href=\"https:\/\/alminutonoticia.com\/noticias\/wp-content\/uploads\/2024\/07\/fotin-1.jpg\"><img fetchpriority=\"high\" decoding=\"async\" width=\"770\" height=\"462\" src=\"https:\/\/alminutonoticia.com\/noticias\/wp-content\/uploads\/2024\/07\/fotin-1.jpg\" alt=\"\" class=\"wp-image-12227\" title=\"\" srcset=\"https:\/\/alminutonoticia.com\/noticias\/wp-content\/uploads\/2024\/07\/fotin-1.jpg 770w, https:\/\/alminutonoticia.com\/noticias\/wp-content\/uploads\/2024\/07\/fotin-1-300x180.jpg 300w, https:\/\/alminutonoticia.com\/noticias\/wp-content\/uploads\/2024\/07\/fotin-1-768x461.jpg 768w\" sizes=\"(max-width: 770px) 100vw, 770px\" \/><\/a><\/figure>\n","protected":false},"excerpt":{"rendered":"<p>El Servicio Nacional de Fronteras (Senafront), comunic\u00f3 este 24 de julio que unos 10 migrantes fallecieron ahogados. \u201cEn las afluentes ribere\u00f1as cercanas a la comunidad de Carreto, se observaron 10 cuerpos de migrantes que fallecieron ahogados producto de una cabeza de agua\u201d, explica un comunicado del Senafront. Destacan que a pesar de los grandes esfuerzos [&hellip;]<\/p>\n","protected":false},"author":3,"featured_media":12227,"comment_status":"open","ping_status":"open","sticky":false,"template":"","format":"standard","meta":{"footnotes":""},"categories":[39,36],"tags":[],"class_list":["post-12226","post","type-post","status-publish","format-standard","has-post-thumbnail","hentry","category-internacionales","category-nacionales"],"_links":{"self":[{"href":"https:\/\/alminutonoticia.com\/noticias\/wp-json\/wp\/v2\/posts\/12226","targetHints":{"allow":["GET"]}}],"collection":[{"href":"https:\/\/alminutonoticia.com\/noticias\/wp-json\/wp\/v2\/posts"}],"about":[{"href":"https:\/\/alminutonoticia.com\/noticias\/wp-json\/wp\/v2\/types\/post"}],"author":[{"embeddable":true,"href":"https:\/\/alminutonoticia.com\/noticias\/wp-json\/wp\/v2\/users\/3"}],"replies":[{"embeddable":true,"href":"https:\/\/alminutonoticia.com\/noticias\/wp-json\/wp\/v2\/comments?post=12226"}],"version-history":[{"count":1,"href":"https:\/\/alminutonoticia.com\/noticias\/wp-json\/wp\/v2\/posts\/12226\/revisions"}],"predecessor-version":[{"id":12228,"href":"https:\/\/alminutonoticia.com\/noticias\/wp-json\/wp\/v2\/posts\/12226\/revisions\/12228"}],"wp:featuredmedia":[{"embeddable":true,"href":"https:\/\/alminutonoticia.com\/noticias\/wp-json\/wp\/v2\/media\/12227"}],"wp:attachment":[{"href":"https:\/\/alminutonoticia.com\/noticias\/wp-json\/wp\/v2\/media?parent=12226"}],"wp:term":[{"taxonomy":"category","embeddable":true,"href":"https:\/\/alminutonoticia.com\/noticias\/wp-json\/wp\/v2\/categories?post=12226"},{"taxonomy":"post_tag","embeddable":true,"href":"https:\/\/alminutonoticia.com\/noticias\/wp-json\/wp\/v2\/tags?post=12226"}],"curies":[{"name":"wp","href":"https:\/\/api.w.org\/{rel}","templated":true}]}}