{"id":12214,"date":"2024-07-25T01:56:14","date_gmt":"2024-07-25T01:56:14","guid":{"rendered":"https:\/\/alminutonoticia.com\/noticias\/?p=12214"},"modified":"2024-07-25T01:56:16","modified_gmt":"2024-07-25T01:56:16","slug":"realizan-operativo-en-cerro-patacon-en-busca-de-erradicar-el-trabajo-infantil","status":"publish","type":"post","link":"https:\/\/alminutonoticia.com\/noticias\/realizan-operativo-en-cerro-patacon-en-busca-de-erradicar-el-trabajo-infantil\/","title":{"rendered":"Realizan operativo en Cerro Patac\u00f3n en busca de erradicar el trabajo infantil"},"content":{"rendered":"\n<p>Una inspecci\u00f3n en el relleno sanitario de Cerro Patac\u00f3n, realiz\u00f3 las unidades del Servicio Policial de Ni\u00f1ez y Adolescencia junto al personal del Ministerio de Trabajo y Desarrollo Laboral, la Secretar\u00eda Nacional de Ni\u00f1ez Adolescencia y Familia, la Autoridad de Aseo Capital para fiscalizar que no haya presencia de menores laborando en esta zona.<\/p>\n\n\n\n<p>El subcomisionado Rub\u00e9n Guardia, jefe de la Zona Policial del Canal, indic\u00f3 que en este operativo de erradicaci\u00f3n del trabajo infantil y vulneraci\u00f3n del derecho de los ni\u00f1os y adolescentes, se realizaron profilaxis y verificaciones a los ciudadanos que se manten\u00edan en el lugar.<\/p>\n\n\n\n<p>Agreg\u00f3 que no hubo presencia de menores de edad en el sitio.<\/p>\n\n\n\n<figure class=\"wp-block-image size-full\"><a href=\"https:\/\/alminutonoticia.com\/noticias\/wp-content\/uploads\/2024\/07\/ninosss-770x470-1.jpeg\"><img fetchpriority=\"high\" decoding=\"async\" width=\"770\" height=\"470\" src=\"https:\/\/alminutonoticia.com\/noticias\/wp-content\/uploads\/2024\/07\/ninosss-770x470-1.jpeg\" alt=\"\" class=\"wp-image-12215\" title=\"\" srcset=\"https:\/\/alminutonoticia.com\/noticias\/wp-content\/uploads\/2024\/07\/ninosss-770x470-1.jpeg 770w, https:\/\/alminutonoticia.com\/noticias\/wp-content\/uploads\/2024\/07\/ninosss-770x470-1-300x183.jpeg 300w, https:\/\/alminutonoticia.com\/noticias\/wp-content\/uploads\/2024\/07\/ninosss-770x470-1-768x469.jpeg 768w\" sizes=\"(max-width: 770px) 100vw, 770px\" \/><\/a><\/figure>\n","protected":false},"excerpt":{"rendered":"<p>Una inspecci\u00f3n en el relleno sanitario de Cerro Patac\u00f3n, realiz\u00f3 las unidades del Servicio Policial de Ni\u00f1ez y Adolescencia junto al personal del Ministerio de Trabajo y Desarrollo Laboral, la Secretar\u00eda Nacional de Ni\u00f1ez Adolescencia y Familia, la Autoridad de Aseo Capital para fiscalizar que no haya presencia de menores laborando en esta zona. El [&hellip;]<\/p>\n","protected":false},"author":3,"featured_media":12215,"comment_status":"open","ping_status":"open","sticky":false,"template":"","format":"standard","meta":{"footnotes":""},"categories":[36,42],"tags":[],"class_list":["post-12214","post","type-post","status-publish","format-standard","has-post-thumbnail","hentry","category-nacionales","category-ambiente"],"_links":{"self":[{"href":"https:\/\/alminutonoticia.com\/noticias\/wp-json\/wp\/v2\/posts\/12214","targetHints":{"allow":["GET"]}}],"collection":[{"href":"https:\/\/alminutonoticia.com\/noticias\/wp-json\/wp\/v2\/posts"}],"about":[{"href":"https:\/\/alminutonoticia.com\/noticias\/wp-json\/wp\/v2\/types\/post"}],"author":[{"embeddable":true,"href":"https:\/\/alminutonoticia.com\/noticias\/wp-json\/wp\/v2\/users\/3"}],"replies":[{"embeddable":true,"href":"https:\/\/alminutonoticia.com\/noticias\/wp-json\/wp\/v2\/comments?post=12214"}],"version-history":[{"count":1,"href":"https:\/\/alminutonoticia.com\/noticias\/wp-json\/wp\/v2\/posts\/12214\/revisions"}],"predecessor-version":[{"id":12216,"href":"https:\/\/alminutonoticia.com\/noticias\/wp-json\/wp\/v2\/posts\/12214\/revisions\/12216"}],"wp:featuredmedia":[{"embeddable":true,"href":"https:\/\/alminutonoticia.com\/noticias\/wp-json\/wp\/v2\/media\/12215"}],"wp:attachment":[{"href":"https:\/\/alminutonoticia.com\/noticias\/wp-json\/wp\/v2\/media?parent=12214"}],"wp:term":[{"taxonomy":"category","embeddable":true,"href":"https:\/\/alminutonoticia.com\/noticias\/wp-json\/wp\/v2\/categories?post=12214"},{"taxonomy":"post_tag","embeddable":true,"href":"https:\/\/alminutonoticia.com\/noticias\/wp-json\/wp\/v2\/tags?post=12214"}],"curies":[{"name":"wp","href":"https:\/\/api.w.org\/{rel}","templated":true}]}}