{"id":12211,"date":"2024-07-25T01:54:22","date_gmt":"2024-07-25T01:54:22","guid":{"rendered":"https:\/\/alminutonoticia.com\/noticias\/?p=12211"},"modified":"2024-07-25T01:54:24","modified_gmt":"2024-07-25T01:54:24","slug":"fiscalia-anticorrupcion-inspecciona-la-junta-comunal-de-san-francisco","status":"publish","type":"post","link":"https:\/\/alminutonoticia.com\/noticias\/fiscalia-anticorrupcion-inspecciona-la-junta-comunal-de-san-francisco\/","title":{"rendered":"Fiscal\u00eda Anticorrupci\u00f3n inspecciona la Junta Comunal de San Francisco"},"content":{"rendered":"\n<p>Este martes 23 de julio, la Fiscal\u00eda Anticorrupci\u00f3n desarroll\u00f3 una diligencia de inspecci\u00f3n ocular con un perito del Instituto de Medicina Legal y Ciencias Forenses en la Junta Comunal de San Francisco.<\/p>\n\n\n\n<p>En el lugar se extrajo computadoras, las cuales ser\u00e1n revisadas por personal especializado, y son parte de la investigaci\u00f3n que se realiza tras las denuncias que interpuso la actual representante Serena Vamvas.<\/p>\n\n\n\n<p>Vamvas present\u00f3 una denuncia luego de que descubriera que supuestamente se elimin\u00f3 la informaci\u00f3n del sistema de contabilidad de la junta comunal, dirigida en el periodo anteriormente por Carlos P\u00e9rez Herrera.<\/p>\n\n\n\n<figure class=\"wp-block-image size-full\"><a href=\"https:\/\/alminutonoticia.com\/noticias\/wp-content\/uploads\/2024\/07\/bambas-770x470-1.jpeg\"><img fetchpriority=\"high\" decoding=\"async\" width=\"770\" height=\"470\" src=\"https:\/\/alminutonoticia.com\/noticias\/wp-content\/uploads\/2024\/07\/bambas-770x470-1.jpeg\" alt=\"\" class=\"wp-image-12212\" title=\"\" srcset=\"https:\/\/alminutonoticia.com\/noticias\/wp-content\/uploads\/2024\/07\/bambas-770x470-1.jpeg 770w, https:\/\/alminutonoticia.com\/noticias\/wp-content\/uploads\/2024\/07\/bambas-770x470-1-300x183.jpeg 300w, https:\/\/alminutonoticia.com\/noticias\/wp-content\/uploads\/2024\/07\/bambas-770x470-1-768x469.jpeg 768w\" sizes=\"(max-width: 770px) 100vw, 770px\" \/><\/a><\/figure>\n","protected":false},"excerpt":{"rendered":"<p>Este martes 23 de julio, la Fiscal\u00eda Anticorrupci\u00f3n desarroll\u00f3 una diligencia de inspecci\u00f3n ocular con un perito del Instituto de Medicina Legal y Ciencias Forenses en la Junta Comunal de San Francisco. En el lugar se extrajo computadoras, las cuales ser\u00e1n revisadas por personal especializado, y son parte de la investigaci\u00f3n que se realiza tras [&hellip;]<\/p>\n","protected":false},"author":3,"featured_media":12212,"comment_status":"open","ping_status":"open","sticky":false,"template":"","format":"standard","meta":{"footnotes":""},"categories":[36],"tags":[],"class_list":["post-12211","post","type-post","status-publish","format-standard","has-post-thumbnail","hentry","category-nacionales"],"_links":{"self":[{"href":"https:\/\/alminutonoticia.com\/noticias\/wp-json\/wp\/v2\/posts\/12211","targetHints":{"allow":["GET"]}}],"collection":[{"href":"https:\/\/alminutonoticia.com\/noticias\/wp-json\/wp\/v2\/posts"}],"about":[{"href":"https:\/\/alminutonoticia.com\/noticias\/wp-json\/wp\/v2\/types\/post"}],"author":[{"embeddable":true,"href":"https:\/\/alminutonoticia.com\/noticias\/wp-json\/wp\/v2\/users\/3"}],"replies":[{"embeddable":true,"href":"https:\/\/alminutonoticia.com\/noticias\/wp-json\/wp\/v2\/comments?post=12211"}],"version-history":[{"count":1,"href":"https:\/\/alminutonoticia.com\/noticias\/wp-json\/wp\/v2\/posts\/12211\/revisions"}],"predecessor-version":[{"id":12213,"href":"https:\/\/alminutonoticia.com\/noticias\/wp-json\/wp\/v2\/posts\/12211\/revisions\/12213"}],"wp:featuredmedia":[{"embeddable":true,"href":"https:\/\/alminutonoticia.com\/noticias\/wp-json\/wp\/v2\/media\/12212"}],"wp:attachment":[{"href":"https:\/\/alminutonoticia.com\/noticias\/wp-json\/wp\/v2\/media?parent=12211"}],"wp:term":[{"taxonomy":"category","embeddable":true,"href":"https:\/\/alminutonoticia.com\/noticias\/wp-json\/wp\/v2\/categories?post=12211"},{"taxonomy":"post_tag","embeddable":true,"href":"https:\/\/alminutonoticia.com\/noticias\/wp-json\/wp\/v2\/tags?post=12211"}],"curies":[{"name":"wp","href":"https:\/\/api.w.org\/{rel}","templated":true}]}}