{"id":12208,"date":"2024-07-25T01:51:00","date_gmt":"2024-07-25T01:51:00","guid":{"rendered":"https:\/\/alminutonoticia.com\/noticias\/?p=12208"},"modified":"2024-07-25T01:51:03","modified_gmt":"2024-07-25T01:51:03","slug":"pacto-mundial-para-las-migraciones-migracion-segura-ordenada-y-regular","status":"publish","type":"post","link":"https:\/\/alminutonoticia.com\/noticias\/pacto-mundial-para-las-migraciones-migracion-segura-ordenada-y-regular\/","title":{"rendered":"Pacto Mundial para las Migraciones: migraci\u00f3n segura, ordenada y regular"},"content":{"rendered":"\n<p>El Servicio Nacional de Migraci\u00f3n (SNM), contabiliza en la Operaci\u00f3n Flujo Controlado, desde el primer d\u00eda del a\u00f1o 2024 a la fecha, un total de 216,005 migrantes irregulares.<\/p>\n\n\n\n<p>En el marco de este tema, el director general del Servicio Nacional de Migraci\u00f3n, Roger Mojica Rivera, hace referencia al Pacto Mundial para las Migraciones, adoptado en Marrakech en 2018, por los Estados miembros de la ONU, un pacto que se\u00f1ala Mojica Rivera, tiene tres principios rectores: que la migraci\u00f3n sea segura, ordenada y regular, \u00aby es claro que el tr\u00e1nsito de migrantes por la selva darienita no es seguro, ni ordenado y tampoco regular\u00bb, recalc\u00f3.<\/p>\n\n\n\n<p>El jefe de la cartera migratoria, Mojica Rivera, indic\u00f3 que el Pacto Mundial para las Migraciones, establece el respeto a la soberan\u00eda y la integridad territorial de cada pa\u00eds, al tiempo que mediante este documento se hace un llamado a la comunidad internacional, para hacerle frente de manera conjunta y coordinada al problema de la migraci\u00f3n.<\/p>\n\n\n\n<p>\u00abComo Estado paname\u00f1o, se est\u00e1 trabajando de manera interinstitucional y se har\u00e1 lo que nos corresponde para disminuir la migraci\u00f3n irregular, as\u00ed mismo reiteramos el llamado escrito en el Pacto Mundial para las Migraciones, a la comunidad internacional, para que juntos hagamos un frente a este problema migratorio\u00bb, coment\u00f3 Mojica Rivera.<\/p>\n\n\n\n<figure class=\"wp-block-image size-full\"><a href=\"https:\/\/alminutonoticia.com\/noticias\/wp-content\/uploads\/2024\/07\/23-de-julio-foto-nota-de-prensa-770x470-1.jpg\"><img fetchpriority=\"high\" decoding=\"async\" width=\"770\" height=\"470\" src=\"https:\/\/alminutonoticia.com\/noticias\/wp-content\/uploads\/2024\/07\/23-de-julio-foto-nota-de-prensa-770x470-1.jpg\" alt=\"\" class=\"wp-image-12209\" title=\"\" srcset=\"https:\/\/alminutonoticia.com\/noticias\/wp-content\/uploads\/2024\/07\/23-de-julio-foto-nota-de-prensa-770x470-1.jpg 770w, https:\/\/alminutonoticia.com\/noticias\/wp-content\/uploads\/2024\/07\/23-de-julio-foto-nota-de-prensa-770x470-1-300x183.jpg 300w, https:\/\/alminutonoticia.com\/noticias\/wp-content\/uploads\/2024\/07\/23-de-julio-foto-nota-de-prensa-770x470-1-768x469.jpg 768w\" sizes=\"(max-width: 770px) 100vw, 770px\" \/><\/a><\/figure>\n","protected":false},"excerpt":{"rendered":"<p>El Servicio Nacional de Migraci\u00f3n (SNM), contabiliza en la Operaci\u00f3n Flujo Controlado, desde el primer d\u00eda del a\u00f1o 2024 a la fecha, un total de 216,005 migrantes irregulares. En el marco de este tema, el director general del Servicio Nacional de Migraci\u00f3n, Roger Mojica Rivera, hace referencia al Pacto Mundial para las Migraciones, adoptado en [&hellip;]<\/p>\n","protected":false},"author":3,"featured_media":12209,"comment_status":"open","ping_status":"open","sticky":false,"template":"","format":"standard","meta":{"footnotes":""},"categories":[36,39],"tags":[],"class_list":["post-12208","post","type-post","status-publish","format-standard","has-post-thumbnail","hentry","category-nacionales","category-internacionales"],"_links":{"self":[{"href":"https:\/\/alminutonoticia.com\/noticias\/wp-json\/wp\/v2\/posts\/12208","targetHints":{"allow":["GET"]}}],"collection":[{"href":"https:\/\/alminutonoticia.com\/noticias\/wp-json\/wp\/v2\/posts"}],"about":[{"href":"https:\/\/alminutonoticia.com\/noticias\/wp-json\/wp\/v2\/types\/post"}],"author":[{"embeddable":true,"href":"https:\/\/alminutonoticia.com\/noticias\/wp-json\/wp\/v2\/users\/3"}],"replies":[{"embeddable":true,"href":"https:\/\/alminutonoticia.com\/noticias\/wp-json\/wp\/v2\/comments?post=12208"}],"version-history":[{"count":1,"href":"https:\/\/alminutonoticia.com\/noticias\/wp-json\/wp\/v2\/posts\/12208\/revisions"}],"predecessor-version":[{"id":12210,"href":"https:\/\/alminutonoticia.com\/noticias\/wp-json\/wp\/v2\/posts\/12208\/revisions\/12210"}],"wp:featuredmedia":[{"embeddable":true,"href":"https:\/\/alminutonoticia.com\/noticias\/wp-json\/wp\/v2\/media\/12209"}],"wp:attachment":[{"href":"https:\/\/alminutonoticia.com\/noticias\/wp-json\/wp\/v2\/media?parent=12208"}],"wp:term":[{"taxonomy":"category","embeddable":true,"href":"https:\/\/alminutonoticia.com\/noticias\/wp-json\/wp\/v2\/categories?post=12208"},{"taxonomy":"post_tag","embeddable":true,"href":"https:\/\/alminutonoticia.com\/noticias\/wp-json\/wp\/v2\/tags?post=12208"}],"curies":[{"name":"wp","href":"https:\/\/api.w.org\/{rel}","templated":true}]}}