{"id":12196,"date":"2024-07-22T02:06:42","date_gmt":"2024-07-22T02:06:42","guid":{"rendered":"https:\/\/alminutonoticia.com\/noticias\/?p=12196"},"modified":"2024-07-22T02:06:44","modified_gmt":"2024-07-22T02:06:44","slug":"presidente-mulino-celebra-con-miles-de-ninos-en-el-parque-omar","status":"publish","type":"post","link":"https:\/\/alminutonoticia.com\/noticias\/presidente-mulino-celebra-con-miles-de-ninos-en-el-parque-omar\/","title":{"rendered":"Presidente Mulino celebra con miles de ni\u00f1os en el Parque Omar"},"content":{"rendered":"\n<p>Este domingo, el presidente de la Rep\u00fablica, Jos\u00e9 Ra\u00fal Mulino, acompa\u00f1\u00f3 a la primera dama, Maricel de Mulino, en la celebraci\u00f3n del D\u00eda del Ni\u00f1o: \u201cLa Vuelta al Mundo en un D\u00eda \u201c, organizada en conjunto con el alcalde del distrito capital, Mayer Mizrachi.<\/p>\n\n\n\n<p>\u201cNos alegra mucho ver a miles de ni\u00f1os y ni\u00f1as disfrutando en familia de este gran d\u00eda; agradecemos a todos los patrocinadores que han hecho posible esta actividad, la primera de muchas otras que organizar\u00e1 la primera dama, pensando en el bienestar de la familia\u201d, manifest\u00f3 el presidente Mulino, tras realizar una caminata por el Parque Omar.<\/p>\n\n\n\n<div class=\"wp-block-columns is-layout-flex wp-container-core-columns-is-layout-28f84493 wp-block-columns-is-layout-flex\">\n<div class=\"wp-block-column is-layout-flow wp-block-column-is-layout-flow\" style=\"flex-basis:50%\">\n<figure class=\"wp-block-image size-full\"><a href=\"https:\/\/alminutonoticia.com\/noticias\/wp-content\/uploads\/2024\/07\/WhatsApp-Image-2024-07-21-at-2.48.31-PM.jpeg\"><img fetchpriority=\"high\" decoding=\"async\" width=\"747\" height=\"1600\" src=\"https:\/\/alminutonoticia.com\/noticias\/wp-content\/uploads\/2024\/07\/WhatsApp-Image-2024-07-21-at-2.48.31-PM.jpeg\" alt=\"\" class=\"wp-image-12198\" title=\"\" srcset=\"https:\/\/alminutonoticia.com\/noticias\/wp-content\/uploads\/2024\/07\/WhatsApp-Image-2024-07-21-at-2.48.31-PM.jpeg 747w, https:\/\/alminutonoticia.com\/noticias\/wp-content\/uploads\/2024\/07\/WhatsApp-Image-2024-07-21-at-2.48.31-PM-140x300.jpeg 140w, https:\/\/alminutonoticia.com\/noticias\/wp-content\/uploads\/2024\/07\/WhatsApp-Image-2024-07-21-at-2.48.31-PM-478x1024.jpeg 478w, https:\/\/alminutonoticia.com\/noticias\/wp-content\/uploads\/2024\/07\/WhatsApp-Image-2024-07-21-at-2.48.31-PM-717x1536.jpeg 717w\" sizes=\"(max-width: 747px) 100vw, 747px\" \/><\/a><\/figure>\n<\/div>\n\n\n\n<div class=\"wp-block-column is-layout-flow wp-block-column-is-layout-flow\" style=\"flex-basis:50%\">\n<figure class=\"wp-block-image size-large\"><a href=\"https:\/\/alminutonoticia.com\/noticias\/wp-content\/uploads\/2024\/07\/WhatsApp-Image-2024-07-21-at-2.48.48-PM-1.jpeg\"><img decoding=\"async\" width=\"478\" height=\"1024\" src=\"https:\/\/alminutonoticia.com\/noticias\/wp-content\/uploads\/2024\/07\/WhatsApp-Image-2024-07-21-at-2.48.48-PM-1-478x1024.jpeg\" alt=\"\" class=\"wp-image-12199\" title=\"\" srcset=\"https:\/\/alminutonoticia.com\/noticias\/wp-content\/uploads\/2024\/07\/WhatsApp-Image-2024-07-21-at-2.48.48-PM-1-478x1024.jpeg 478w, https:\/\/alminutonoticia.com\/noticias\/wp-content\/uploads\/2024\/07\/WhatsApp-Image-2024-07-21-at-2.48.48-PM-1-140x300.jpeg 140w, https:\/\/alminutonoticia.com\/noticias\/wp-content\/uploads\/2024\/07\/WhatsApp-Image-2024-07-21-at-2.48.48-PM-1-717x1536.jpeg 717w, https:\/\/alminutonoticia.com\/noticias\/wp-content\/uploads\/2024\/07\/WhatsApp-Image-2024-07-21-at-2.48.48-PM-1.jpeg 747w\" sizes=\"(max-width: 478px) 100vw, 478px\" \/><\/a><\/figure>\n<\/div>\n<\/div>\n\n\n\n<p>El presidente tambi\u00e9n agradeci\u00f3 a los embajadores acreditados en Panam\u00e1, quienes instalaron carpas alusivas a cada uno de los pa\u00edses que representan, organizando actividades recreativas para las m\u00e1s de 20 mil personas que asistieron.<\/p>\n\n\n\n<p>Acompa\u00f1aron en esta celebraci\u00f3n, los ministros de la Presidencia, Desarrollo Social y Trabajo, Juan Carlos Orillac, Beatriz Carles y Jackeline Mu\u00f1oz, respectivamente; as\u00ed como la gerente de la Zona Libre de Col\u00f3n, Luisa Napolitano.<\/p>\n\n\n\n<figure class=\"wp-block-image size-full\"><a href=\"https:\/\/alminutonoticia.com\/noticias\/wp-content\/uploads\/2024\/07\/711b7647-2bc0-40c3-b4fe-1bbe9a95a704-684x1024-2.jpeg\"><img decoding=\"async\" width=\"684\" height=\"1024\" src=\"https:\/\/alminutonoticia.com\/noticias\/wp-content\/uploads\/2024\/07\/711b7647-2bc0-40c3-b4fe-1bbe9a95a704-684x1024-2.jpeg\" alt=\"\" class=\"wp-image-12200\" title=\"\" srcset=\"https:\/\/alminutonoticia.com\/noticias\/wp-content\/uploads\/2024\/07\/711b7647-2bc0-40c3-b4fe-1bbe9a95a704-684x1024-2.jpeg 684w, https:\/\/alminutonoticia.com\/noticias\/wp-content\/uploads\/2024\/07\/711b7647-2bc0-40c3-b4fe-1bbe9a95a704-684x1024-2-200x300.jpeg 200w\" sizes=\"(max-width: 684px) 100vw, 684px\" \/><\/a><\/figure>\n\n\n","protected":false},"excerpt":{"rendered":"<p>Este domingo, el presidente de la Rep\u00fablica, Jos\u00e9 Ra\u00fal Mulino, acompa\u00f1\u00f3 a la primera dama, Maricel de Mulino, en la celebraci\u00f3n del D\u00eda del Ni\u00f1o: \u201cLa Vuelta al Mundo en un D\u00eda \u201c, organizada en conjunto con el alcalde del distrito capital, Mayer Mizrachi. \u201cNos alegra mucho ver a miles de ni\u00f1os y ni\u00f1as disfrutando [&hellip;]<\/p>\n","protected":false},"author":3,"featured_media":12200,"comment_status":"open","ping_status":"open","sticky":false,"template":"","format":"standard","meta":{"footnotes":""},"categories":[36],"tags":[],"class_list":["post-12196","post","type-post","status-publish","format-standard","has-post-thumbnail","hentry","category-nacionales"],"_links":{"self":[{"href":"https:\/\/alminutonoticia.com\/noticias\/wp-json\/wp\/v2\/posts\/12196","targetHints":{"allow":["GET"]}}],"collection":[{"href":"https:\/\/alminutonoticia.com\/noticias\/wp-json\/wp\/v2\/posts"}],"about":[{"href":"https:\/\/alminutonoticia.com\/noticias\/wp-json\/wp\/v2\/types\/post"}],"author":[{"embeddable":true,"href":"https:\/\/alminutonoticia.com\/noticias\/wp-json\/wp\/v2\/users\/3"}],"replies":[{"embeddable":true,"href":"https:\/\/alminutonoticia.com\/noticias\/wp-json\/wp\/v2\/comments?post=12196"}],"version-history":[{"count":1,"href":"https:\/\/alminutonoticia.com\/noticias\/wp-json\/wp\/v2\/posts\/12196\/revisions"}],"predecessor-version":[{"id":12201,"href":"https:\/\/alminutonoticia.com\/noticias\/wp-json\/wp\/v2\/posts\/12196\/revisions\/12201"}],"wp:featuredmedia":[{"embeddable":true,"href":"https:\/\/alminutonoticia.com\/noticias\/wp-json\/wp\/v2\/media\/12200"}],"wp:attachment":[{"href":"https:\/\/alminutonoticia.com\/noticias\/wp-json\/wp\/v2\/media?parent=12196"}],"wp:term":[{"taxonomy":"category","embeddable":true,"href":"https:\/\/alminutonoticia.com\/noticias\/wp-json\/wp\/v2\/categories?post=12196"},{"taxonomy":"post_tag","embeddable":true,"href":"https:\/\/alminutonoticia.com\/noticias\/wp-json\/wp\/v2\/tags?post=12196"}],"curies":[{"name":"wp","href":"https:\/\/api.w.org\/{rel}","templated":true}]}}