{"id":12187,"date":"2024-07-22T01:59:56","date_gmt":"2024-07-22T01:59:56","guid":{"rendered":"https:\/\/alminutonoticia.com\/noticias\/?p=12187"},"modified":"2024-07-22T01:59:58","modified_gmt":"2024-07-22T01:59:58","slug":"miles-de-ninos-firman-el-cyber-truck-de-mayer-mizrachi","status":"publish","type":"post","link":"https:\/\/alminutonoticia.com\/noticias\/miles-de-ninos-firman-el-cyber-truck-de-mayer-mizrachi\/","title":{"rendered":"Miles de ni\u00f1os firman el Cyber Truck de Mayer Mizrachi"},"content":{"rendered":"\n<p>El alcalde Mayer Mizrachi se uni\u00f3 a miles de ni\u00f1os y familias de la ciudad capital en una celebraci\u00f3n extraordinaria en el Parque Omar. El evento, dise\u00f1ado para honrar a los m\u00e1s peque\u00f1os de la casa, ofreci\u00f3 momentos memorables y experiencias \u00fanicas para todos los asistentes.<\/p>\n\n\n\n<p>Una de las grandes sorpresas fue la presencia de \u00fanico Cyber Truck en nuestro pa\u00eds, especialmente rotulado para que los ni\u00f1os pudieran dejar su huella al firmar sus nombres en el veh\u00edculo y capturar el momento junto al alcalde. Esta iniciativa no solo entusiasm\u00f3 a los j\u00f3venes visitantes, sino que tambi\u00e9n destac\u00f3 el compromiso de la alcald\u00eda de Panam\u00e1 con la participaci\u00f3n comunitaria y la innovaci\u00f3n.<\/p>\n\n\n\n<div class=\"wp-block-columns is-layout-flex wp-container-core-columns-is-layout-28f84493 wp-block-columns-is-layout-flex\">\n<div class=\"wp-block-column is-layout-flow wp-block-column-is-layout-flow\" style=\"flex-basis:50%\">\n<figure class=\"wp-block-image size-large\"><a href=\"https:\/\/alminutonoticia.com\/noticias\/wp-content\/uploads\/2024\/07\/WhatsApp-Image-2024-07-21-at-6.06.35-PM.jpeg\"><img fetchpriority=\"high\" decoding=\"async\" width=\"1024\" height=\"682\" src=\"https:\/\/alminutonoticia.com\/noticias\/wp-content\/uploads\/2024\/07\/WhatsApp-Image-2024-07-21-at-6.06.35-PM-1024x682.jpeg\" alt=\"\" class=\"wp-image-12188\" title=\"\" srcset=\"https:\/\/alminutonoticia.com\/noticias\/wp-content\/uploads\/2024\/07\/WhatsApp-Image-2024-07-21-at-6.06.35-PM-1024x682.jpeg 1024w, https:\/\/alminutonoticia.com\/noticias\/wp-content\/uploads\/2024\/07\/WhatsApp-Image-2024-07-21-at-6.06.35-PM-300x200.jpeg 300w, https:\/\/alminutonoticia.com\/noticias\/wp-content\/uploads\/2024\/07\/WhatsApp-Image-2024-07-21-at-6.06.35-PM-768x512.jpeg 768w, https:\/\/alminutonoticia.com\/noticias\/wp-content\/uploads\/2024\/07\/WhatsApp-Image-2024-07-21-at-6.06.35-PM-1536x1023.jpeg 1536w, https:\/\/alminutonoticia.com\/noticias\/wp-content\/uploads\/2024\/07\/WhatsApp-Image-2024-07-21-at-6.06.35-PM.jpeg 1600w\" sizes=\"(max-width: 1024px) 100vw, 1024px\" \/><\/a><\/figure>\n<\/div>\n\n\n\n<div class=\"wp-block-column is-layout-flow wp-block-column-is-layout-flow\" style=\"flex-basis:50%\">\n<figure class=\"wp-block-image size-large\"><a href=\"https:\/\/alminutonoticia.com\/noticias\/wp-content\/uploads\/2024\/07\/WhatsApp-Image-2024-07-21-at-6.06.34-PM.jpeg\"><img decoding=\"async\" width=\"1024\" height=\"682\" src=\"https:\/\/alminutonoticia.com\/noticias\/wp-content\/uploads\/2024\/07\/WhatsApp-Image-2024-07-21-at-6.06.34-PM-1024x682.jpeg\" alt=\"\" class=\"wp-image-12189\" title=\"\" srcset=\"https:\/\/alminutonoticia.com\/noticias\/wp-content\/uploads\/2024\/07\/WhatsApp-Image-2024-07-21-at-6.06.34-PM-1024x682.jpeg 1024w, https:\/\/alminutonoticia.com\/noticias\/wp-content\/uploads\/2024\/07\/WhatsApp-Image-2024-07-21-at-6.06.34-PM-300x200.jpeg 300w, https:\/\/alminutonoticia.com\/noticias\/wp-content\/uploads\/2024\/07\/WhatsApp-Image-2024-07-21-at-6.06.34-PM-768x512.jpeg 768w, https:\/\/alminutonoticia.com\/noticias\/wp-content\/uploads\/2024\/07\/WhatsApp-Image-2024-07-21-at-6.06.34-PM-1536x1023.jpeg 1536w, https:\/\/alminutonoticia.com\/noticias\/wp-content\/uploads\/2024\/07\/WhatsApp-Image-2024-07-21-at-6.06.34-PM.jpeg 1600w\" sizes=\"(max-width: 1024px) 100vw, 1024px\" \/><\/a><\/figure>\n<\/div>\n<\/div>\n\n\n\n<p>Adem\u00e1s, el \u00abTina Fest\u00bb se destac\u00f3 como el coraz\u00f3n de la feria, atrayendo a familias enteras con adopciones de mascotas. Gracias a la presencia de Tinaquera, la directora de bienestar animal de la alcald\u00eda de Panam\u00e1, muchos encontraron a su compa\u00f1ero peludo perfecto, mientras recib\u00edan atenci\u00f3n veterinaria de primera calidad.<\/p>\n\n\n\n<p>La jornada estuvo repleta de actividades recreativas que deleitaron a grandes y peque\u00f1os por igual, reafirmando el compromiso de la alcald\u00eda con el bienestar y la diversi\u00f3n de los paname\u00f1os. Adem\u00e1s, se proporcion\u00f3 informaci\u00f3n crucial sobre los servicios ofrecidos por las direcciones de Gesti\u00f3n Social, Gesti\u00f3n Ambiental, Turismo y Cultura, Vigilancia Municipal y Servicios a la Comunidad, consolidando el compromiso continuo con la comunidad y los turistas.<\/p>\n\n\n\n<figure class=\"wp-block-image size-large\"><a href=\"https:\/\/alminutonoticia.com\/noticias\/wp-content\/uploads\/2024\/07\/WhatsApp-Image-2024-07-21-at-6.06.35-PM-1.jpeg\"><img decoding=\"async\" width=\"1024\" height=\"682\" src=\"https:\/\/alminutonoticia.com\/noticias\/wp-content\/uploads\/2024\/07\/WhatsApp-Image-2024-07-21-at-6.06.35-PM-1-1024x682.jpeg\" alt=\"\" class=\"wp-image-12190\" title=\"\" srcset=\"https:\/\/alminutonoticia.com\/noticias\/wp-content\/uploads\/2024\/07\/WhatsApp-Image-2024-07-21-at-6.06.35-PM-1-1024x682.jpeg 1024w, https:\/\/alminutonoticia.com\/noticias\/wp-content\/uploads\/2024\/07\/WhatsApp-Image-2024-07-21-at-6.06.35-PM-1-300x200.jpeg 300w, https:\/\/alminutonoticia.com\/noticias\/wp-content\/uploads\/2024\/07\/WhatsApp-Image-2024-07-21-at-6.06.35-PM-1-768x512.jpeg 768w, https:\/\/alminutonoticia.com\/noticias\/wp-content\/uploads\/2024\/07\/WhatsApp-Image-2024-07-21-at-6.06.35-PM-1-1536x1023.jpeg 1536w, https:\/\/alminutonoticia.com\/noticias\/wp-content\/uploads\/2024\/07\/WhatsApp-Image-2024-07-21-at-6.06.35-PM-1.jpeg 1600w\" sizes=\"(max-width: 1024px) 100vw, 1024px\" \/><\/a><\/figure>\n\n\n\n<p>Alcald\u00eda de Panam\u00e1 expresa su m\u00e1s sincero agradecimiento a todas las familias por su entusiasta participaci\u00f3n y compromiso, marcando esta celebraci\u00f3n como un momento hist\u00f3rico en nuestra comunidad.<\/p>\n\n\n\n<figure class=\"wp-block-image size-large\"><a href=\"https:\/\/alminutonoticia.com\/noticias\/wp-content\/uploads\/2024\/07\/WhatsApp-Image-2024-07-21-at-6.08.46-PM.jpeg\"><img loading=\"lazy\" decoding=\"async\" width=\"478\" height=\"1024\" src=\"https:\/\/alminutonoticia.com\/noticias\/wp-content\/uploads\/2024\/07\/WhatsApp-Image-2024-07-21-at-6.08.46-PM-478x1024.jpeg\" alt=\"\" class=\"wp-image-12191\" title=\"\" srcset=\"https:\/\/alminutonoticia.com\/noticias\/wp-content\/uploads\/2024\/07\/WhatsApp-Image-2024-07-21-at-6.08.46-PM-478x1024.jpeg 478w, https:\/\/alminutonoticia.com\/noticias\/wp-content\/uploads\/2024\/07\/WhatsApp-Image-2024-07-21-at-6.08.46-PM-140x300.jpeg 140w, https:\/\/alminutonoticia.com\/noticias\/wp-content\/uploads\/2024\/07\/WhatsApp-Image-2024-07-21-at-6.08.46-PM-717x1536.jpeg 717w, https:\/\/alminutonoticia.com\/noticias\/wp-content\/uploads\/2024\/07\/WhatsApp-Image-2024-07-21-at-6.08.46-PM.jpeg 747w\" sizes=\"(max-width: 478px) 100vw, 478px\" \/><\/a><\/figure>\n\n\n\n<p><\/p>\n","protected":false},"excerpt":{"rendered":"<p>El alcalde Mayer Mizrachi se uni\u00f3 a miles de ni\u00f1os y familias de la ciudad capital en una celebraci\u00f3n extraordinaria en el Parque Omar. El evento, dise\u00f1ado para honrar a los m\u00e1s peque\u00f1os de la casa, ofreci\u00f3 momentos memorables y experiencias \u00fanicas para todos los asistentes. Una de las grandes sorpresas fue la presencia de [&hellip;]<\/p>\n","protected":false},"author":3,"featured_media":12191,"comment_status":"open","ping_status":"open","sticky":false,"template":"","format":"standard","meta":{"footnotes":""},"categories":[36],"tags":[],"class_list":["post-12187","post","type-post","status-publish","format-standard","has-post-thumbnail","hentry","category-nacionales"],"_links":{"self":[{"href":"https:\/\/alminutonoticia.com\/noticias\/wp-json\/wp\/v2\/posts\/12187","targetHints":{"allow":["GET"]}}],"collection":[{"href":"https:\/\/alminutonoticia.com\/noticias\/wp-json\/wp\/v2\/posts"}],"about":[{"href":"https:\/\/alminutonoticia.com\/noticias\/wp-json\/wp\/v2\/types\/post"}],"author":[{"embeddable":true,"href":"https:\/\/alminutonoticia.com\/noticias\/wp-json\/wp\/v2\/users\/3"}],"replies":[{"embeddable":true,"href":"https:\/\/alminutonoticia.com\/noticias\/wp-json\/wp\/v2\/comments?post=12187"}],"version-history":[{"count":1,"href":"https:\/\/alminutonoticia.com\/noticias\/wp-json\/wp\/v2\/posts\/12187\/revisions"}],"predecessor-version":[{"id":12192,"href":"https:\/\/alminutonoticia.com\/noticias\/wp-json\/wp\/v2\/posts\/12187\/revisions\/12192"}],"wp:featuredmedia":[{"embeddable":true,"href":"https:\/\/alminutonoticia.com\/noticias\/wp-json\/wp\/v2\/media\/12191"}],"wp:attachment":[{"href":"https:\/\/alminutonoticia.com\/noticias\/wp-json\/wp\/v2\/media?parent=12187"}],"wp:term":[{"taxonomy":"category","embeddable":true,"href":"https:\/\/alminutonoticia.com\/noticias\/wp-json\/wp\/v2\/categories?post=12187"},{"taxonomy":"post_tag","embeddable":true,"href":"https:\/\/alminutonoticia.com\/noticias\/wp-json\/wp\/v2\/tags?post=12187"}],"curies":[{"name":"wp","href":"https:\/\/api.w.org\/{rel}","templated":true}]}}