{"id":12181,"date":"2024-07-22T01:53:34","date_gmt":"2024-07-22T01:53:34","guid":{"rendered":"https:\/\/alminutonoticia.com\/noticias\/?p=12181"},"modified":"2024-07-22T01:53:36","modified_gmt":"2024-07-22T01:53:36","slug":"miviot-se-hace-presente-en-celebracion-del-dia-del-nino-y-la-nina","status":"publish","type":"post","link":"https:\/\/alminutonoticia.com\/noticias\/miviot-se-hace-presente-en-celebracion-del-dia-del-nino-y-la-nina\/","title":{"rendered":"Miviot se hace presente en celebraci\u00f3n del D\u00eda del Ni\u00f1o y La Ni\u00f1a"},"content":{"rendered":"\n<p>Con gran \u00e9xito y un lleno completo, en el Parque Omar, el Despacho de la Primera Dama Maricel Cohen de Mulino, celebr\u00f3 hoy el D\u00eda del Ni\u00f1o y la Ni\u00f1a cuyo lema fue \u201cLa Vuelta al Mundo en un D\u00eda\u201d, donde los peque\u00f1os de la casa, pudieron conocer costumbres de otros pa\u00edses y disfrutar de muchas actividades , realizadas para la ocasi\u00f3n.<\/p>\n\n\n\n<p>Es esta actividad las diversas entidades que compone el Estado, en compa\u00f1\u00eda de la empresa privada, ofrecieron toda clase de diversi\u00f3n, desde pintacarita, juegos mec\u00e1nicos, cine al aire libre, entre otros.<\/p>\n\n\n\n<p>Adem\u00e1s les repartieron golosinas, galletas, palomitas, algod\u00f3n de az\u00facar y hogdog.<\/p>\n\n\n\n<p>Por parte del Ministerio de Vivienda y Ordenamiento Territorial (Miviot), el titular de esta Cartera Jaime A. Jovan\u00e9 C., los viceministros Fernando M\u00e9ndez y Fran Osorio, respectivamente, participaron de esta actividad compartiendo con los menores que se acercaron al estand de esta entidad, a pintar y degustar de las golosinas que se les ofrecieron.<\/p>\n\n\n\n<p>Para el Ministro y los Viceministros est\u00e1 es la primera actividad a la que participan dedicada a los ni\u00f1os y ni\u00f1as del pa\u00eds, la cual seg\u00fan ellos fue de sana diversi\u00f3n y esparcimiento.<\/p>\n\n\n\n<p>Por esto, indic\u00f3 Jovan\u00e9 se hace necesario construir m\u00e1s \u00e1reas de recreaci\u00f3n, en todo el pa\u00eds para que las familias tengan donde divertirse sanamente.<\/p>\n\n\n\n<figure class=\"wp-block-image size-large\"><a href=\"https:\/\/alminutonoticia.com\/noticias\/wp-content\/uploads\/2024\/07\/WhatsApp-Image-2024-07-21-at-6.06.42-PM.jpeg\"><img fetchpriority=\"high\" decoding=\"async\" width=\"1024\" height=\"682\" src=\"https:\/\/alminutonoticia.com\/noticias\/wp-content\/uploads\/2024\/07\/WhatsApp-Image-2024-07-21-at-6.06.42-PM-1024x682.jpeg\" alt=\"\" class=\"wp-image-12182\" title=\"\" srcset=\"https:\/\/alminutonoticia.com\/noticias\/wp-content\/uploads\/2024\/07\/WhatsApp-Image-2024-07-21-at-6.06.42-PM-1024x682.jpeg 1024w, https:\/\/alminutonoticia.com\/noticias\/wp-content\/uploads\/2024\/07\/WhatsApp-Image-2024-07-21-at-6.06.42-PM-300x200.jpeg 300w, https:\/\/alminutonoticia.com\/noticias\/wp-content\/uploads\/2024\/07\/WhatsApp-Image-2024-07-21-at-6.06.42-PM-768x512.jpeg 768w, https:\/\/alminutonoticia.com\/noticias\/wp-content\/uploads\/2024\/07\/WhatsApp-Image-2024-07-21-at-6.06.42-PM-1536x1023.jpeg 1536w, https:\/\/alminutonoticia.com\/noticias\/wp-content\/uploads\/2024\/07\/WhatsApp-Image-2024-07-21-at-6.06.42-PM.jpeg 1600w\" sizes=\"(max-width: 1024px) 100vw, 1024px\" \/><\/a><\/figure>\n","protected":false},"excerpt":{"rendered":"<p>Con gran \u00e9xito y un lleno completo, en el Parque Omar, el Despacho de la Primera Dama Maricel Cohen de Mulino, celebr\u00f3 hoy el D\u00eda del Ni\u00f1o y la Ni\u00f1a cuyo lema fue \u201cLa Vuelta al Mundo en un D\u00eda\u201d, donde los peque\u00f1os de la casa, pudieron conocer costumbres de otros pa\u00edses y disfrutar de [&hellip;]<\/p>\n","protected":false},"author":3,"featured_media":12182,"comment_status":"open","ping_status":"open","sticky":false,"template":"","format":"standard","meta":{"footnotes":""},"categories":[36],"tags":[],"class_list":["post-12181","post","type-post","status-publish","format-standard","has-post-thumbnail","hentry","category-nacionales"],"_links":{"self":[{"href":"https:\/\/alminutonoticia.com\/noticias\/wp-json\/wp\/v2\/posts\/12181","targetHints":{"allow":["GET"]}}],"collection":[{"href":"https:\/\/alminutonoticia.com\/noticias\/wp-json\/wp\/v2\/posts"}],"about":[{"href":"https:\/\/alminutonoticia.com\/noticias\/wp-json\/wp\/v2\/types\/post"}],"author":[{"embeddable":true,"href":"https:\/\/alminutonoticia.com\/noticias\/wp-json\/wp\/v2\/users\/3"}],"replies":[{"embeddable":true,"href":"https:\/\/alminutonoticia.com\/noticias\/wp-json\/wp\/v2\/comments?post=12181"}],"version-history":[{"count":1,"href":"https:\/\/alminutonoticia.com\/noticias\/wp-json\/wp\/v2\/posts\/12181\/revisions"}],"predecessor-version":[{"id":12183,"href":"https:\/\/alminutonoticia.com\/noticias\/wp-json\/wp\/v2\/posts\/12181\/revisions\/12183"}],"wp:featuredmedia":[{"embeddable":true,"href":"https:\/\/alminutonoticia.com\/noticias\/wp-json\/wp\/v2\/media\/12182"}],"wp:attachment":[{"href":"https:\/\/alminutonoticia.com\/noticias\/wp-json\/wp\/v2\/media?parent=12181"}],"wp:term":[{"taxonomy":"category","embeddable":true,"href":"https:\/\/alminutonoticia.com\/noticias\/wp-json\/wp\/v2\/categories?post=12181"},{"taxonomy":"post_tag","embeddable":true,"href":"https:\/\/alminutonoticia.com\/noticias\/wp-json\/wp\/v2\/tags?post=12181"}],"curies":[{"name":"wp","href":"https:\/\/api.w.org\/{rel}","templated":true}]}}