{"id":12178,"date":"2024-07-22T01:51:57","date_gmt":"2024-07-22T01:51:57","guid":{"rendered":"https:\/\/alminutonoticia.com\/noticias\/?p=12178"},"modified":"2024-07-22T01:51:59","modified_gmt":"2024-07-22T01:51:59","slug":"la-cciap-apuesta-por-un-panama-de-colaboracion-y-desarrollo","status":"publish","type":"post","link":"https:\/\/alminutonoticia.com\/noticias\/la-cciap-apuesta-por-un-panama-de-colaboracion-y-desarrollo\/","title":{"rendered":"La CCIAP apuesta por un Panam\u00e1 de colaboraci\u00f3n y desarrollo"},"content":{"rendered":"\n<p>Con el objetivo de que las oportunidades se conviertan en realidades tangibles, y trabajar por el bien de Panam\u00e1, la C\u00e1mara de Comercio, Industrias y Agricultura de Panam\u00e1 (CCIAP) y miembros de las c\u00e1maras de comercio del interior del pa\u00eds, que juntas conformamos la Federaci\u00f3n de C\u00e1maras de Comercio de la Rep\u00fablica de Panam\u00e1 (FEDEC\u00c1MARAS) dise\u00f1aron un plan de acci\u00f3n destinados a fortalecer sus relaciones.&nbsp; &nbsp;&nbsp;<\/p>\n\n\n\n<p>En la columna dominical de la CCIAP, se explica que buscan alinear sus acciones con otras asociaciones de actividades productivas a lo largo del territorio nacional, todas compartiendo el prop\u00f3sito de buscar el bienestar nacional; \u00abya que esto, nos permitir\u00e1 desarrollar nuestras actividades de forma efectiva y eficiente\u00bb.<\/p>\n\n\n\n<p>\u00abComo gremio de acci\u00f3n, hemos tomado un primer paso significativo al formalizar nuestras intenciones a trav\u00e9s de un Memor\u00e1ndum de Entendimiento con la C\u00e1mara de Comercio de Chiriqu\u00ed. Este acuerdo establece acciones concretas de colaboraci\u00f3n que fortalecer\u00e1n la confianza para invertir en nuestro pa\u00eds, especialmente en esta regi\u00f3n tan din\u00e1mica\u00bb, detalla la columna firmada por el presidente de la CCIAP Juan Alberto Arias S.<\/p>\n\n\n\n<p>Entre las acciones espec\u00edficas a desarrollar, se incluyen ruedas de negocios entre ambos gremios, as\u00ed como la promoci\u00f3n del pa\u00eds y la provincia mediante las marcas tur\u00edsticas \u00abPanam\u00e1, vive por m\u00e1s\u00bb y \u00abDiscover Chiriqu\u00ed\u00bb en las principales exposiciones organizadas por la CCIAP.<\/p>\n\n\n\n<p>Adicionalmente, en el mes de agosto, \u00abvisitaremos la provincia chiricana para reunirnos con otras c\u00e1maras de comercio y asociaciones productivas en los distintos distritos y comunidades de Chiriqu\u00ed. El objetivo es compartir experiencias, analizar retos, debilidades y amenazas, y transformarlas en oportunidades reales que nos permitan avanzar juntos hacia el desarrollo\u00bb, afirma la CCIAP.<\/p>\n\n\n\n<p>Este enfoque no se limitar\u00e1 a Chiriqu\u00ed. \u00abPlaneamos replicar estas acciones en otras regiones del interior de la rep\u00fablica. Durante a\u00f1os, Panam\u00e1 ha concentrado sus inversiones en el eje trans\u00edstmico. Sin embargo, para impulsar un desarrollo sostenible a largo plazo, es imperativo que nuestra estrategia se enfoque en acciones transversales que fomenten el crecimiento integral del pa\u00eds, no solo de un sector o una regi\u00f3n\u00bb.<\/p>\n\n\n\n<p>En resumen, \u00abestamos comprometidos en crear una red de colaboraci\u00f3n y desarrollo que beneficie a todo Panam\u00e1. Solo a trav\u00e9s del trabajo conjunto y la visi\u00f3n compartida lograremos un progreso sostenible y equitativo para nuestra naci\u00f3n\u00bb.<\/p>\n\n\n\n<figure class=\"wp-block-image size-full\"><a href=\"https:\/\/alminutonoticia.com\/noticias\/wp-content\/uploads\/2024\/07\/cciap-1-770x470-1.jpg\"><img fetchpriority=\"high\" decoding=\"async\" width=\"770\" height=\"470\" src=\"https:\/\/alminutonoticia.com\/noticias\/wp-content\/uploads\/2024\/07\/cciap-1-770x470-1.jpg\" alt=\"\" class=\"wp-image-12179\" title=\"\" srcset=\"https:\/\/alminutonoticia.com\/noticias\/wp-content\/uploads\/2024\/07\/cciap-1-770x470-1.jpg 770w, https:\/\/alminutonoticia.com\/noticias\/wp-content\/uploads\/2024\/07\/cciap-1-770x470-1-300x183.jpg 300w, https:\/\/alminutonoticia.com\/noticias\/wp-content\/uploads\/2024\/07\/cciap-1-770x470-1-768x469.jpg 768w\" sizes=\"(max-width: 770px) 100vw, 770px\" \/><\/a><\/figure>\n","protected":false},"excerpt":{"rendered":"<p>Con el objetivo de que las oportunidades se conviertan en realidades tangibles, y trabajar por el bien de Panam\u00e1, la C\u00e1mara de Comercio, Industrias y Agricultura de Panam\u00e1 (CCIAP) y miembros de las c\u00e1maras de comercio del interior del pa\u00eds, que juntas conformamos la Federaci\u00f3n de C\u00e1maras de Comercio de la Rep\u00fablica de Panam\u00e1 (FEDEC\u00c1MARAS) [&hellip;]<\/p>\n","protected":false},"author":3,"featured_media":12179,"comment_status":"open","ping_status":"open","sticky":false,"template":"","format":"standard","meta":{"footnotes":""},"categories":[36],"tags":[],"class_list":["post-12178","post","type-post","status-publish","format-standard","has-post-thumbnail","hentry","category-nacionales"],"_links":{"self":[{"href":"https:\/\/alminutonoticia.com\/noticias\/wp-json\/wp\/v2\/posts\/12178","targetHints":{"allow":["GET"]}}],"collection":[{"href":"https:\/\/alminutonoticia.com\/noticias\/wp-json\/wp\/v2\/posts"}],"about":[{"href":"https:\/\/alminutonoticia.com\/noticias\/wp-json\/wp\/v2\/types\/post"}],"author":[{"embeddable":true,"href":"https:\/\/alminutonoticia.com\/noticias\/wp-json\/wp\/v2\/users\/3"}],"replies":[{"embeddable":true,"href":"https:\/\/alminutonoticia.com\/noticias\/wp-json\/wp\/v2\/comments?post=12178"}],"version-history":[{"count":1,"href":"https:\/\/alminutonoticia.com\/noticias\/wp-json\/wp\/v2\/posts\/12178\/revisions"}],"predecessor-version":[{"id":12180,"href":"https:\/\/alminutonoticia.com\/noticias\/wp-json\/wp\/v2\/posts\/12178\/revisions\/12180"}],"wp:featuredmedia":[{"embeddable":true,"href":"https:\/\/alminutonoticia.com\/noticias\/wp-json\/wp\/v2\/media\/12179"}],"wp:attachment":[{"href":"https:\/\/alminutonoticia.com\/noticias\/wp-json\/wp\/v2\/media?parent=12178"}],"wp:term":[{"taxonomy":"category","embeddable":true,"href":"https:\/\/alminutonoticia.com\/noticias\/wp-json\/wp\/v2\/categories?post=12178"},{"taxonomy":"post_tag","embeddable":true,"href":"https:\/\/alminutonoticia.com\/noticias\/wp-json\/wp\/v2\/tags?post=12178"}],"curies":[{"name":"wp","href":"https:\/\/api.w.org\/{rel}","templated":true}]}}