{"id":12169,"date":"2024-07-22T01:45:37","date_gmt":"2024-07-22T01:45:37","guid":{"rendered":"https:\/\/alminutonoticia.com\/noticias\/?p=12169"},"modified":"2024-07-22T01:45:39","modified_gmt":"2024-07-22T01:45:39","slug":"exdirector-de-la-policia-john-dornheim-involucrado-en-accidente-de-auto-una-persona-pierda-la-vida","status":"publish","type":"post","link":"https:\/\/alminutonoticia.com\/noticias\/exdirector-de-la-policia-john-dornheim-involucrado-en-accidente-de-auto-una-persona-pierda-la-vida\/","title":{"rendered":"Exdirector de la Polic\u00eda John Dornheim involucrado en accidente de auto, una persona pierda la vida"},"content":{"rendered":"\n<p>El exdirector de la Polic\u00eda, comisionado John Dornheim estuvo involucrado en un accidente de tr\u00e1nsito la noche de ayer, 20 de julio, a la altura del puente de \u201clos ciclistas\u201d en el distrito de Ant\u00f3n.<\/p>\n\n\n\n<p>En el hecho de tr\u00e1nsito, desafortunadamente una persona pierde la vida.<\/p>\n\n\n\n<p>La v\u00edctima, regresaba de su jornada laboral hacia la localidad de Las Uvas.<\/p>\n\n\n\n<p>La Polic\u00eda Nacional, a trav\u00e9s de la Direcci\u00f3n de Tr\u00e1nsito, y el Ministerio P\u00fablico, iniciaron las investigaciones.<\/p>\n\n\n\n<figure class=\"wp-block-image size-full\"><a href=\"https:\/\/alminutonoticia.com\/noticias\/wp-content\/uploads\/2024\/07\/dor-770x470-1.jpeg\"><img fetchpriority=\"high\" decoding=\"async\" width=\"770\" height=\"470\" src=\"https:\/\/alminutonoticia.com\/noticias\/wp-content\/uploads\/2024\/07\/dor-770x470-1.jpeg\" alt=\"\" class=\"wp-image-12170\" title=\"\" srcset=\"https:\/\/alminutonoticia.com\/noticias\/wp-content\/uploads\/2024\/07\/dor-770x470-1.jpeg 770w, https:\/\/alminutonoticia.com\/noticias\/wp-content\/uploads\/2024\/07\/dor-770x470-1-300x183.jpeg 300w, https:\/\/alminutonoticia.com\/noticias\/wp-content\/uploads\/2024\/07\/dor-770x470-1-768x469.jpeg 768w\" sizes=\"(max-width: 770px) 100vw, 770px\" \/><\/a><\/figure>\n","protected":false},"excerpt":{"rendered":"<p>El exdirector de la Polic\u00eda, comisionado John Dornheim estuvo involucrado en un accidente de tr\u00e1nsito la noche de ayer, 20 de julio, a la altura del puente de \u201clos ciclistas\u201d en el distrito de Ant\u00f3n. En el hecho de tr\u00e1nsito, desafortunadamente una persona pierde la vida. La v\u00edctima, regresaba de su jornada laboral hacia la [&hellip;]<\/p>\n","protected":false},"author":3,"featured_media":12170,"comment_status":"open","ping_status":"open","sticky":false,"template":"","format":"standard","meta":{"footnotes":""},"categories":[36],"tags":[],"class_list":["post-12169","post","type-post","status-publish","format-standard","has-post-thumbnail","hentry","category-nacionales"],"_links":{"self":[{"href":"https:\/\/alminutonoticia.com\/noticias\/wp-json\/wp\/v2\/posts\/12169","targetHints":{"allow":["GET"]}}],"collection":[{"href":"https:\/\/alminutonoticia.com\/noticias\/wp-json\/wp\/v2\/posts"}],"about":[{"href":"https:\/\/alminutonoticia.com\/noticias\/wp-json\/wp\/v2\/types\/post"}],"author":[{"embeddable":true,"href":"https:\/\/alminutonoticia.com\/noticias\/wp-json\/wp\/v2\/users\/3"}],"replies":[{"embeddable":true,"href":"https:\/\/alminutonoticia.com\/noticias\/wp-json\/wp\/v2\/comments?post=12169"}],"version-history":[{"count":1,"href":"https:\/\/alminutonoticia.com\/noticias\/wp-json\/wp\/v2\/posts\/12169\/revisions"}],"predecessor-version":[{"id":12171,"href":"https:\/\/alminutonoticia.com\/noticias\/wp-json\/wp\/v2\/posts\/12169\/revisions\/12171"}],"wp:featuredmedia":[{"embeddable":true,"href":"https:\/\/alminutonoticia.com\/noticias\/wp-json\/wp\/v2\/media\/12170"}],"wp:attachment":[{"href":"https:\/\/alminutonoticia.com\/noticias\/wp-json\/wp\/v2\/media?parent=12169"}],"wp:term":[{"taxonomy":"category","embeddable":true,"href":"https:\/\/alminutonoticia.com\/noticias\/wp-json\/wp\/v2\/categories?post=12169"},{"taxonomy":"post_tag","embeddable":true,"href":"https:\/\/alminutonoticia.com\/noticias\/wp-json\/wp\/v2\/tags?post=12169"}],"curies":[{"name":"wp","href":"https:\/\/api.w.org\/{rel}","templated":true}]}}