{"id":12163,"date":"2024-07-21T11:14:24","date_gmt":"2024-07-21T11:14:24","guid":{"rendered":"https:\/\/alminutonoticia.com\/noticias\/?p=12163"},"modified":"2024-07-21T11:14:26","modified_gmt":"2024-07-21T11:14:26","slug":"autoridades-nominadas-del-sector-electrico-se-alinean-con-objetivos-trazados-por-el-presidente-mulino","status":"publish","type":"post","link":"https:\/\/alminutonoticia.com\/noticias\/autoridades-nominadas-del-sector-electrico-se-alinean-con-objetivos-trazados-por-el-presidente-mulino\/","title":{"rendered":"Autoridades nominadas del sector el\u00e9ctrico se alinean con objetivos trazados por el presidente Mulino"},"content":{"rendered":"\n<p>El ministro de la Presidencia, Juan Carlos Orillac, sostuvo, este viernes, una reuni\u00f3n con autoridades nominadas de entidades vinculadas al funcionamiento y regulaci\u00f3n del sector el\u00e9ctrico del pa\u00eds, con el fin de alinear objetivos y planes de trabajo, conforme a la promesa del Presidente de la Rep\u00fablica, Jos\u00e9 Ra\u00fal Mulino, de poner orden en la prestaci\u00f3n de los servicios p\u00fablicos.<\/p>\n\n\n\n<p>En la reuni\u00f3n participaron el Secretario de Energ\u00eda, Juan Urriola; la administradora de la Autoridad de los Servicios P\u00fablicos, Zelmar Rodr\u00edguez; el gerente general de la Empresa de Transmisi\u00f3n El\u00e9ctrica (Etesa), Roy Morales; el gerente general de Etesa encargado, V\u00edctor Gonz\u00e1lez; y Vicente Prescott, gerente general de la Empresa de Generaci\u00f3n El\u00e9ctrica (Egesa).<\/p>\n\n\n\n<p>Orillac explic\u00f3 a los presentes los objetivos de la administraci\u00f3n Mulino para el sector el\u00e9ctrico, y adelant\u00f3 que el mandatario ya est\u00e1 trabajando en la selecci\u00f3n de los nuevos miembros para la junta directiva de Etesa.<\/p>\n\n\n\n<p>Asimismo, destac\u00f3 el mensaje claro que ha enviado al pa\u00eds la decisi\u00f3n de la Asep de multar por B\/. 14 millones a las empresas de distribuci\u00f3n Edemet y Edechi, debido a deficiencias en el servicio.<\/p>\n\n\n\n<p>El ministro sostuvo que el presidente Mulino se encuentra evaluando la situaci\u00f3n legal de las pol\u00e9micas liquidaciones por mutuos acuerdos firmados a favor de autoridades y directivos salientes en Etesa.<\/p>\n\n\n\n<p>Las autoridades designadas por el presidente Mulino est\u00e1n a la espera de ser ratificados por la recientemente conformada Comisi\u00f3n de Credenciales de la Asamblea Nacional de Diputados.<\/p>\n\n\n\n<figure class=\"wp-block-image size-full\"><a href=\"https:\/\/alminutonoticia.com\/noticias\/wp-content\/uploads\/2024\/07\/WhatsApp-Image-2024-07-19-at-6.57.44-PM-1-1024x682-1.jpeg\"><img fetchpriority=\"high\" decoding=\"async\" width=\"1024\" height=\"682\" src=\"https:\/\/alminutonoticia.com\/noticias\/wp-content\/uploads\/2024\/07\/WhatsApp-Image-2024-07-19-at-6.57.44-PM-1-1024x682-1.jpeg\" alt=\"\" class=\"wp-image-12164\" title=\"\" srcset=\"https:\/\/alminutonoticia.com\/noticias\/wp-content\/uploads\/2024\/07\/WhatsApp-Image-2024-07-19-at-6.57.44-PM-1-1024x682-1.jpeg 1024w, https:\/\/alminutonoticia.com\/noticias\/wp-content\/uploads\/2024\/07\/WhatsApp-Image-2024-07-19-at-6.57.44-PM-1-1024x682-1-300x200.jpeg 300w, https:\/\/alminutonoticia.com\/noticias\/wp-content\/uploads\/2024\/07\/WhatsApp-Image-2024-07-19-at-6.57.44-PM-1-1024x682-1-768x512.jpeg 768w\" sizes=\"(max-width: 1024px) 100vw, 1024px\" \/><\/a><\/figure>\n","protected":false},"excerpt":{"rendered":"<p>El ministro de la Presidencia, Juan Carlos Orillac, sostuvo, este viernes, una reuni\u00f3n con autoridades nominadas de entidades vinculadas al funcionamiento y regulaci\u00f3n del sector el\u00e9ctrico del pa\u00eds, con el fin de alinear objetivos y planes de trabajo, conforme a la promesa del Presidente de la Rep\u00fablica, Jos\u00e9 Ra\u00fal Mulino, de poner orden en la [&hellip;]<\/p>\n","protected":false},"author":3,"featured_media":12164,"comment_status":"open","ping_status":"open","sticky":false,"template":"","format":"standard","meta":{"footnotes":""},"categories":[36],"tags":[],"class_list":["post-12163","post","type-post","status-publish","format-standard","has-post-thumbnail","hentry","category-nacionales"],"_links":{"self":[{"href":"https:\/\/alminutonoticia.com\/noticias\/wp-json\/wp\/v2\/posts\/12163","targetHints":{"allow":["GET"]}}],"collection":[{"href":"https:\/\/alminutonoticia.com\/noticias\/wp-json\/wp\/v2\/posts"}],"about":[{"href":"https:\/\/alminutonoticia.com\/noticias\/wp-json\/wp\/v2\/types\/post"}],"author":[{"embeddable":true,"href":"https:\/\/alminutonoticia.com\/noticias\/wp-json\/wp\/v2\/users\/3"}],"replies":[{"embeddable":true,"href":"https:\/\/alminutonoticia.com\/noticias\/wp-json\/wp\/v2\/comments?post=12163"}],"version-history":[{"count":1,"href":"https:\/\/alminutonoticia.com\/noticias\/wp-json\/wp\/v2\/posts\/12163\/revisions"}],"predecessor-version":[{"id":12165,"href":"https:\/\/alminutonoticia.com\/noticias\/wp-json\/wp\/v2\/posts\/12163\/revisions\/12165"}],"wp:featuredmedia":[{"embeddable":true,"href":"https:\/\/alminutonoticia.com\/noticias\/wp-json\/wp\/v2\/media\/12164"}],"wp:attachment":[{"href":"https:\/\/alminutonoticia.com\/noticias\/wp-json\/wp\/v2\/media?parent=12163"}],"wp:term":[{"taxonomy":"category","embeddable":true,"href":"https:\/\/alminutonoticia.com\/noticias\/wp-json\/wp\/v2\/categories?post=12163"},{"taxonomy":"post_tag","embeddable":true,"href":"https:\/\/alminutonoticia.com\/noticias\/wp-json\/wp\/v2\/tags?post=12163"}],"curies":[{"name":"wp","href":"https:\/\/api.w.org\/{rel}","templated":true}]}}