{"id":12145,"date":"2024-07-21T11:02:39","date_gmt":"2024-07-21T11:02:39","guid":{"rendered":"https:\/\/alminutonoticia.com\/noticias\/?p=12145"},"modified":"2024-07-21T11:02:40","modified_gmt":"2024-07-21T11:02:40","slug":"reclusas-obtienen-libertad-por-diligencia-del-mingob-al-verificar-el-computo-de-penamingob","status":"publish","type":"post","link":"https:\/\/alminutonoticia.com\/noticias\/reclusas-obtienen-libertad-por-diligencia-del-mingob-al-verificar-el-computo-de-penamingob\/","title":{"rendered":"Reclusas obtienen libertad por diligencia del Mingob al verificar el c\u00f3mputo de penaMINGOB"},"content":{"rendered":"\n<p>&nbsp;Cinco privadas de libertad del Centro Femenino de Rehabilitaci\u00f3n \u2018Cecilia Orillac de Chiari\u2019 (Cefere), obtienen hoy su libertad, tras la verificaci\u00f3n de c\u00f3mputo de pena que realiz\u00f3 un equipo interdisciplinario por instrucci\u00f3n de la ministra de Gobierno Dinoska Montalvo y la directora del Sistema Penitenciario Mariela Jim\u00e9nez.<\/p>\n\n\n\n<p>La libertad se da en base al art\u00edculo 103 del C\u00f3digo Penal de Panam\u00e1 y con la voluntad mostrada por la titular de Gobierno, luego que se hiciera la inspecci\u00f3n debida esta semana caso por caso ante una inacci\u00f3n penitenciaria desde octubre pasado en estos expedientes en particular. Posterior a la diligencia, se realiz\u00f3 la solicitud y coordinaci\u00f3n con el Juzgado de Cumplimiento, quien agend\u00f3 las audiencias que se efectuaron este viernes.<\/p>\n\n\n\n<figure class=\"wp-block-image size-full\"><a href=\"https:\/\/alminutonoticia.com\/noticias\/wp-content\/uploads\/2024\/07\/WhatsApp-Image-2024-07-19-at-7.53.02-PM-1024x682-1.jpeg\"><img fetchpriority=\"high\" decoding=\"async\" width=\"1024\" height=\"682\" src=\"https:\/\/alminutonoticia.com\/noticias\/wp-content\/uploads\/2024\/07\/WhatsApp-Image-2024-07-19-at-7.53.02-PM-1024x682-1.jpeg\" alt=\"\" class=\"wp-image-12146\" title=\"\" srcset=\"https:\/\/alminutonoticia.com\/noticias\/wp-content\/uploads\/2024\/07\/WhatsApp-Image-2024-07-19-at-7.53.02-PM-1024x682-1.jpeg 1024w, https:\/\/alminutonoticia.com\/noticias\/wp-content\/uploads\/2024\/07\/WhatsApp-Image-2024-07-19-at-7.53.02-PM-1024x682-1-300x200.jpeg 300w, https:\/\/alminutonoticia.com\/noticias\/wp-content\/uploads\/2024\/07\/WhatsApp-Image-2024-07-19-at-7.53.02-PM-1024x682-1-768x512.jpeg 768w\" sizes=\"(max-width: 1024px) 100vw, 1024px\" \/><\/a><\/figure>\n\n\n\n<p>Entre l\u00e1grimas y aplausos desde los hogares del Cefere, estas mujeres que son madres, hijas, nietas, amigas, etc\u2026, dijeron adi\u00f3s a un episodio que les deja aprendizajes y ense\u00f1anzas de crecimiento personal, y el deseo ferviente de nunca m\u00e1s regresar a prisi\u00f3n.<\/p>\n\n\n\n<p>Las verificaciones de c\u00f3mputo de pena son prioridad para la actual administraci\u00f3n y es por ello que se solicit\u00f3 a todos directores de centros penitenciarios y Juntas T\u00e9cnicas, que eval\u00faen con diligencia los expedientes de las personas privadas de libertad y quien cumple con las dos terceras partes de la pena, se coordine con los juzgados correspondientes y salgan en libertad.<\/p>\n\n\n\n<figure class=\"wp-block-image size-full\"><a href=\"https:\/\/alminutonoticia.com\/noticias\/wp-content\/uploads\/2024\/07\/WhatsApp-Image-2024-07-19-at-7.53.02-PM-1-1024x576-1.jpeg\"><img decoding=\"async\" width=\"1024\" height=\"576\" src=\"https:\/\/alminutonoticia.com\/noticias\/wp-content\/uploads\/2024\/07\/WhatsApp-Image-2024-07-19-at-7.53.02-PM-1-1024x576-1.jpeg\" alt=\"\" class=\"wp-image-12147\" title=\"\" srcset=\"https:\/\/alminutonoticia.com\/noticias\/wp-content\/uploads\/2024\/07\/WhatsApp-Image-2024-07-19-at-7.53.02-PM-1-1024x576-1.jpeg 1024w, https:\/\/alminutonoticia.com\/noticias\/wp-content\/uploads\/2024\/07\/WhatsApp-Image-2024-07-19-at-7.53.02-PM-1-1024x576-1-300x169.jpeg 300w, https:\/\/alminutonoticia.com\/noticias\/wp-content\/uploads\/2024\/07\/WhatsApp-Image-2024-07-19-at-7.53.02-PM-1-1024x576-1-768x432.jpeg 768w\" sizes=\"(max-width: 1024px) 100vw, 1024px\" \/><\/a><\/figure>\n","protected":false},"excerpt":{"rendered":"<p>&nbsp;Cinco privadas de libertad del Centro Femenino de Rehabilitaci\u00f3n \u2018Cecilia Orillac de Chiari\u2019 (Cefere), obtienen hoy su libertad, tras la verificaci\u00f3n de c\u00f3mputo de pena que realiz\u00f3 un equipo interdisciplinario por instrucci\u00f3n de la ministra de Gobierno Dinoska Montalvo y la directora del Sistema Penitenciario Mariela Jim\u00e9nez. La libertad se da en base al art\u00edculo [&hellip;]<\/p>\n","protected":false},"author":3,"featured_media":12147,"comment_status":"open","ping_status":"open","sticky":false,"template":"","format":"standard","meta":{"footnotes":""},"categories":[36],"tags":[],"class_list":["post-12145","post","type-post","status-publish","format-standard","has-post-thumbnail","hentry","category-nacionales"],"_links":{"self":[{"href":"https:\/\/alminutonoticia.com\/noticias\/wp-json\/wp\/v2\/posts\/12145","targetHints":{"allow":["GET"]}}],"collection":[{"href":"https:\/\/alminutonoticia.com\/noticias\/wp-json\/wp\/v2\/posts"}],"about":[{"href":"https:\/\/alminutonoticia.com\/noticias\/wp-json\/wp\/v2\/types\/post"}],"author":[{"embeddable":true,"href":"https:\/\/alminutonoticia.com\/noticias\/wp-json\/wp\/v2\/users\/3"}],"replies":[{"embeddable":true,"href":"https:\/\/alminutonoticia.com\/noticias\/wp-json\/wp\/v2\/comments?post=12145"}],"version-history":[{"count":1,"href":"https:\/\/alminutonoticia.com\/noticias\/wp-json\/wp\/v2\/posts\/12145\/revisions"}],"predecessor-version":[{"id":12148,"href":"https:\/\/alminutonoticia.com\/noticias\/wp-json\/wp\/v2\/posts\/12145\/revisions\/12148"}],"wp:featuredmedia":[{"embeddable":true,"href":"https:\/\/alminutonoticia.com\/noticias\/wp-json\/wp\/v2\/media\/12147"}],"wp:attachment":[{"href":"https:\/\/alminutonoticia.com\/noticias\/wp-json\/wp\/v2\/media?parent=12145"}],"wp:term":[{"taxonomy":"category","embeddable":true,"href":"https:\/\/alminutonoticia.com\/noticias\/wp-json\/wp\/v2\/categories?post=12145"},{"taxonomy":"post_tag","embeddable":true,"href":"https:\/\/alminutonoticia.com\/noticias\/wp-json\/wp\/v2\/tags?post=12145"}],"curies":[{"name":"wp","href":"https:\/\/api.w.org\/{rel}","templated":true}]}}