{"id":12130,"date":"2024-07-21T10:52:51","date_gmt":"2024-07-21T10:52:51","guid":{"rendered":"https:\/\/alminutonoticia.com\/noticias\/?p=12130"},"modified":"2024-07-21T11:17:23","modified_gmt":"2024-07-21T11:17:23","slug":"240-armas-de-fuego-extraviadas-en-la-policia-nacional-interponen-la-denuncia","status":"publish","type":"post","link":"https:\/\/alminutonoticia.com\/noticias\/240-armas-de-fuego-extraviadas-en-la-policia-nacional-interponen-la-denuncia\/","title":{"rendered":"240 armas de fuego extraviadas en la Polic\u00eda Nacional, interponen la denuncia"},"content":{"rendered":"\n<p>Tras una auditor\u00eda interna en la Polic\u00eda Nacional, se determina que un aproximado de 240 armas de fuego que son parte del inventario se mantienen extraviadas.<\/p>\n\n\n\n<p>La instituci\u00f3n ha interpuesto la denuncia correspondiente ante el Ministerio P\u00fablico, mientras contin\u00faan las investigaciones a lo interno.<\/p>\n\n\n\n<p>De acuerdo a informaciones preliminares, esta situaci\u00f3n data de a\u00f1os anteriores a la actual administraci\u00f3n, por lo que se mantienen los procesos para deslindar las responsabilidades del caso y tomar los correctivos necesarios.<\/p>\n\n\n\n<p>La Polic\u00eda Nacional es respetuosa del cumplimiento de los procesos legales y la transparencia. En la instituci\u00f3n no hay cabida para aquellas acciones al margen de la ley.<\/p>\n\n\n\n<figure class=\"wp-block-image size-full\"><a href=\"https:\/\/alminutonoticia.com\/noticias\/wp-content\/uploads\/2024\/07\/pili-770x469-1.jpg\"><img fetchpriority=\"high\" decoding=\"async\" width=\"770\" height=\"469\" src=\"https:\/\/alminutonoticia.com\/noticias\/wp-content\/uploads\/2024\/07\/pili-770x469-1.jpg\" alt=\"\" class=\"wp-image-12131\" title=\"\" srcset=\"https:\/\/alminutonoticia.com\/noticias\/wp-content\/uploads\/2024\/07\/pili-770x469-1.jpg 770w, https:\/\/alminutonoticia.com\/noticias\/wp-content\/uploads\/2024\/07\/pili-770x469-1-300x183.jpg 300w, https:\/\/alminutonoticia.com\/noticias\/wp-content\/uploads\/2024\/07\/pili-770x469-1-768x468.jpg 768w\" sizes=\"(max-width: 770px) 100vw, 770px\" \/><\/a><\/figure>\n","protected":false},"excerpt":{"rendered":"<p>Tras una auditor\u00eda interna en la Polic\u00eda Nacional, se determina que un aproximado de 240 armas de fuego que son parte del inventario se mantienen extraviadas. La instituci\u00f3n ha interpuesto la denuncia correspondiente ante el Ministerio P\u00fablico, mientras contin\u00faan las investigaciones a lo interno. De acuerdo a informaciones preliminares, esta situaci\u00f3n data de a\u00f1os anteriores [&hellip;]<\/p>\n","protected":false},"author":3,"featured_media":12131,"comment_status":"open","ping_status":"open","sticky":false,"template":"","format":"standard","meta":{"footnotes":""},"categories":[36],"tags":[],"class_list":["post-12130","post","type-post","status-publish","format-standard","has-post-thumbnail","hentry","category-nacionales"],"_links":{"self":[{"href":"https:\/\/alminutonoticia.com\/noticias\/wp-json\/wp\/v2\/posts\/12130","targetHints":{"allow":["GET"]}}],"collection":[{"href":"https:\/\/alminutonoticia.com\/noticias\/wp-json\/wp\/v2\/posts"}],"about":[{"href":"https:\/\/alminutonoticia.com\/noticias\/wp-json\/wp\/v2\/types\/post"}],"author":[{"embeddable":true,"href":"https:\/\/alminutonoticia.com\/noticias\/wp-json\/wp\/v2\/users\/3"}],"replies":[{"embeddable":true,"href":"https:\/\/alminutonoticia.com\/noticias\/wp-json\/wp\/v2\/comments?post=12130"}],"version-history":[{"count":1,"href":"https:\/\/alminutonoticia.com\/noticias\/wp-json\/wp\/v2\/posts\/12130\/revisions"}],"predecessor-version":[{"id":12132,"href":"https:\/\/alminutonoticia.com\/noticias\/wp-json\/wp\/v2\/posts\/12130\/revisions\/12132"}],"wp:featuredmedia":[{"embeddable":true,"href":"https:\/\/alminutonoticia.com\/noticias\/wp-json\/wp\/v2\/media\/12131"}],"wp:attachment":[{"href":"https:\/\/alminutonoticia.com\/noticias\/wp-json\/wp\/v2\/media?parent=12130"}],"wp:term":[{"taxonomy":"category","embeddable":true,"href":"https:\/\/alminutonoticia.com\/noticias\/wp-json\/wp\/v2\/categories?post=12130"},{"taxonomy":"post_tag","embeddable":true,"href":"https:\/\/alminutonoticia.com\/noticias\/wp-json\/wp\/v2\/tags?post=12130"}],"curies":[{"name":"wp","href":"https:\/\/api.w.org\/{rel}","templated":true}]}}