{"id":12127,"date":"2024-07-21T10:51:24","date_gmt":"2024-07-21T10:51:24","guid":{"rendered":"https:\/\/alminutonoticia.com\/noticias\/?p=12127"},"modified":"2024-07-21T10:51:26","modified_gmt":"2024-07-21T10:51:26","slug":"minsa-refuerza-operativos-en-fiestas-de-santa-librada-en-las-tablas","status":"publish","type":"post","link":"https:\/\/alminutonoticia.com\/noticias\/minsa-refuerza-operativos-en-fiestas-de-santa-librada-en-las-tablas\/","title":{"rendered":"Minsa refuerza operativos en fiestas de Santa Librada en Las Tablas"},"content":{"rendered":"\n<p>Personal del Departamento de Saneamiento Ambiental y Control de Alimentos y Vigilancia Veterinaria del Ministerio de Salud, regional de Los Santos, recorrieron este viernes las calles donde se concentran las actividades tanto religiosas como festivas, en honor a la virgen Santa Librada de Las Tablas, que se desarrollan hasta el 23 de julio.<\/p>\n\n\n\n<p>Los inspectores visitan los puestos fijos de expendio de bebidas y alimentos, adem\u00e1s de, verificar a los vendedores ambulantes para garantizar que los alimentos se encuentren en \u00f3ptimas condiciones para los consumidores.<\/p>\n\n\n\n<p>Durante la primera jornada de este viernes, el equipo realiz\u00f3 48 inspecciones en puestos ambulantes y 60 en sitios de inter\u00e9s sanitario (letrinas port\u00e1tiles y buhoner\u00edas). Previo al inicio de las fiestas, se desarrollaron acciones similares, con los siguientes resultados: siete decomisos de alimentos, siete citaciones y 24 actas.<\/p>\n\n\n\n<p>El personal del Minsa verifica la vigencia de los carn\u00e9 blanco y verde, cadena de frio de los alimentos, vestimenta de los manipuladores, conservaci\u00f3n de productos y su preparaci\u00f3n, igualmente, las condiciones de los ba\u00f1os, entre otras reglas que establecen las normativas de Salud.<\/p>\n\n\n\n<p>Las inspecciones continuar\u00e1n hasta que finalicen las actividades.<\/p>\n\n\n\n<figure class=\"wp-block-image size-full\"><a href=\"https:\/\/alminutonoticia.com\/noticias\/wp-content\/uploads\/2024\/07\/santa-librada-770x470-1.jpeg\"><img fetchpriority=\"high\" decoding=\"async\" width=\"770\" height=\"470\" src=\"https:\/\/alminutonoticia.com\/noticias\/wp-content\/uploads\/2024\/07\/santa-librada-770x470-1.jpeg\" alt=\"\" class=\"wp-image-12128\" title=\"\" srcset=\"https:\/\/alminutonoticia.com\/noticias\/wp-content\/uploads\/2024\/07\/santa-librada-770x470-1.jpeg 770w, https:\/\/alminutonoticia.com\/noticias\/wp-content\/uploads\/2024\/07\/santa-librada-770x470-1-300x183.jpeg 300w, https:\/\/alminutonoticia.com\/noticias\/wp-content\/uploads\/2024\/07\/santa-librada-770x470-1-768x469.jpeg 768w\" sizes=\"(max-width: 770px) 100vw, 770px\" \/><\/a><\/figure>\n","protected":false},"excerpt":{"rendered":"<p>Personal del Departamento de Saneamiento Ambiental y Control de Alimentos y Vigilancia Veterinaria del Ministerio de Salud, regional de Los Santos, recorrieron este viernes las calles donde se concentran las actividades tanto religiosas como festivas, en honor a la virgen Santa Librada de Las Tablas, que se desarrollan hasta el 23 de julio. Los inspectores [&hellip;]<\/p>\n","protected":false},"author":3,"featured_media":12128,"comment_status":"open","ping_status":"open","sticky":false,"template":"","format":"standard","meta":{"footnotes":""},"categories":[45,36],"tags":[],"class_list":["post-12127","post","type-post","status-publish","format-standard","has-post-thumbnail","hentry","category-salud","category-nacionales"],"_links":{"self":[{"href":"https:\/\/alminutonoticia.com\/noticias\/wp-json\/wp\/v2\/posts\/12127","targetHints":{"allow":["GET"]}}],"collection":[{"href":"https:\/\/alminutonoticia.com\/noticias\/wp-json\/wp\/v2\/posts"}],"about":[{"href":"https:\/\/alminutonoticia.com\/noticias\/wp-json\/wp\/v2\/types\/post"}],"author":[{"embeddable":true,"href":"https:\/\/alminutonoticia.com\/noticias\/wp-json\/wp\/v2\/users\/3"}],"replies":[{"embeddable":true,"href":"https:\/\/alminutonoticia.com\/noticias\/wp-json\/wp\/v2\/comments?post=12127"}],"version-history":[{"count":1,"href":"https:\/\/alminutonoticia.com\/noticias\/wp-json\/wp\/v2\/posts\/12127\/revisions"}],"predecessor-version":[{"id":12129,"href":"https:\/\/alminutonoticia.com\/noticias\/wp-json\/wp\/v2\/posts\/12127\/revisions\/12129"}],"wp:featuredmedia":[{"embeddable":true,"href":"https:\/\/alminutonoticia.com\/noticias\/wp-json\/wp\/v2\/media\/12128"}],"wp:attachment":[{"href":"https:\/\/alminutonoticia.com\/noticias\/wp-json\/wp\/v2\/media?parent=12127"}],"wp:term":[{"taxonomy":"category","embeddable":true,"href":"https:\/\/alminutonoticia.com\/noticias\/wp-json\/wp\/v2\/categories?post=12127"},{"taxonomy":"post_tag","embeddable":true,"href":"https:\/\/alminutonoticia.com\/noticias\/wp-json\/wp\/v2\/tags?post=12127"}],"curies":[{"name":"wp","href":"https:\/\/api.w.org\/{rel}","templated":true}]}}