{"id":12121,"date":"2024-07-21T10:48:23","date_gmt":"2024-07-21T10:48:23","guid":{"rendered":"https:\/\/alminutonoticia.com\/noticias\/?p=12121"},"modified":"2024-07-21T10:48:25","modified_gmt":"2024-07-21T10:48:25","slug":"recompensa-tras-la-pista-de-chicho-garcia-requerido-por-apologia-del-delito-y-usurpacion","status":"publish","type":"post","link":"https:\/\/alminutonoticia.com\/noticias\/recompensa-tras-la-pista-de-chicho-garcia-requerido-por-apologia-del-delito-y-usurpacion\/","title":{"rendered":"\u00a1Recompensa! Tras la pista de \u2018Chicho\u2019 Garc\u00eda requerido por apolog\u00eda del delito y usurpaci\u00f3n"},"content":{"rendered":"\n<p>La Polic\u00eda Nacional solicita la colaboraci\u00f3n de la ciudadan\u00eda con informaci\u00f3n que permita la ubicaci\u00f3n y aprehensi\u00f3n del ciudadano Chicho Garc\u00eda, oriundo de la provincia de Bocas del Toro, y quien es el presunto l\u00edder de invasiones ilegales de tierras en dicha regi\u00f3n.<\/p>\n\n\n\n<p>El hombre de 72 a\u00f1os es solicitado por la presunta comisi\u00f3n del delito Contra el Patrimonio Econ\u00f3mico en sus modalidades de Usurpaci\u00f3n y Apolog\u00eda del Delito contra el Servicio Nacional de Fronteras (Senafront), por hechos ocurrido en noviembre pasado.<\/p>\n\n\n\n<p>La Polic\u00eda Nacional ofrece una recompensa de $1,000.00 d\u00f3lares.<\/p>\n\n\n\n<p>En la provincia de Bocas del Toro se mantienen operativos a fin de ubicar a esta persona y ser puesto a \u00f3rdenes del Ministerio P\u00fablico.<\/p>\n\n\n\n<p>Quienes posean datos sobre su paradero pueden comunicarse con la Polic\u00eda Nacional al 750-0188 o con la Direcci\u00f3n de Investigaci\u00f3n Judicial (DIJ) al 750-0379.<\/p>\n\n\n\n<figure class=\"wp-block-image size-full\"><a href=\"https:\/\/alminutonoticia.com\/noticias\/wp-content\/uploads\/2024\/07\/busca-ssss-770x470-1.jpeg\"><img fetchpriority=\"high\" decoding=\"async\" width=\"770\" height=\"470\" src=\"https:\/\/alminutonoticia.com\/noticias\/wp-content\/uploads\/2024\/07\/busca-ssss-770x470-1.jpeg\" alt=\"\" class=\"wp-image-12122\" title=\"\" srcset=\"https:\/\/alminutonoticia.com\/noticias\/wp-content\/uploads\/2024\/07\/busca-ssss-770x470-1.jpeg 770w, https:\/\/alminutonoticia.com\/noticias\/wp-content\/uploads\/2024\/07\/busca-ssss-770x470-1-300x183.jpeg 300w, https:\/\/alminutonoticia.com\/noticias\/wp-content\/uploads\/2024\/07\/busca-ssss-770x470-1-768x469.jpeg 768w\" sizes=\"(max-width: 770px) 100vw, 770px\" \/><\/a><\/figure>\n","protected":false},"excerpt":{"rendered":"<p>La Polic\u00eda Nacional solicita la colaboraci\u00f3n de la ciudadan\u00eda con informaci\u00f3n que permita la ubicaci\u00f3n y aprehensi\u00f3n del ciudadano Chicho Garc\u00eda, oriundo de la provincia de Bocas del Toro, y quien es el presunto l\u00edder de invasiones ilegales de tierras en dicha regi\u00f3n. El hombre de 72 a\u00f1os es solicitado por la presunta comisi\u00f3n del [&hellip;]<\/p>\n","protected":false},"author":3,"featured_media":12122,"comment_status":"open","ping_status":"open","sticky":false,"template":"","format":"standard","meta":{"footnotes":""},"categories":[1],"tags":[],"class_list":["post-12121","post","type-post","status-publish","format-standard","has-post-thumbnail","hentry","category-sin-categoria"],"_links":{"self":[{"href":"https:\/\/alminutonoticia.com\/noticias\/wp-json\/wp\/v2\/posts\/12121","targetHints":{"allow":["GET"]}}],"collection":[{"href":"https:\/\/alminutonoticia.com\/noticias\/wp-json\/wp\/v2\/posts"}],"about":[{"href":"https:\/\/alminutonoticia.com\/noticias\/wp-json\/wp\/v2\/types\/post"}],"author":[{"embeddable":true,"href":"https:\/\/alminutonoticia.com\/noticias\/wp-json\/wp\/v2\/users\/3"}],"replies":[{"embeddable":true,"href":"https:\/\/alminutonoticia.com\/noticias\/wp-json\/wp\/v2\/comments?post=12121"}],"version-history":[{"count":1,"href":"https:\/\/alminutonoticia.com\/noticias\/wp-json\/wp\/v2\/posts\/12121\/revisions"}],"predecessor-version":[{"id":12123,"href":"https:\/\/alminutonoticia.com\/noticias\/wp-json\/wp\/v2\/posts\/12121\/revisions\/12123"}],"wp:featuredmedia":[{"embeddable":true,"href":"https:\/\/alminutonoticia.com\/noticias\/wp-json\/wp\/v2\/media\/12122"}],"wp:attachment":[{"href":"https:\/\/alminutonoticia.com\/noticias\/wp-json\/wp\/v2\/media?parent=12121"}],"wp:term":[{"taxonomy":"category","embeddable":true,"href":"https:\/\/alminutonoticia.com\/noticias\/wp-json\/wp\/v2\/categories?post=12121"},{"taxonomy":"post_tag","embeddable":true,"href":"https:\/\/alminutonoticia.com\/noticias\/wp-json\/wp\/v2\/tags?post=12121"}],"curies":[{"name":"wp","href":"https:\/\/api.w.org\/{rel}","templated":true}]}}