{"id":12097,"date":"2024-07-19T01:00:18","date_gmt":"2024-07-19T01:00:18","guid":{"rendered":"https:\/\/alminutonoticia.com\/noticias\/?p=12097"},"modified":"2024-07-19T01:00:20","modified_gmt":"2024-07-19T01:00:20","slug":"abren-oficina-de-recaudacion-y-visado-de-proyectos","status":"publish","type":"post","link":"https:\/\/alminutonoticia.com\/noticias\/abren-oficina-de-recaudacion-y-visado-de-proyectos\/","title":{"rendered":"Abren oficina de Recaudaci\u00f3n y Visado de Proyectos"},"content":{"rendered":"\n<p>En horas de la ma\u00f1ana de este jueves se le dio apertura a la Oficina de Recaudaci\u00f3n y Visado de Proyectos de la Direcci\u00f3n Nacional de Seguridad, Prevenci\u00f3n e Investigaci\u00f3n de Incendios (DINASEPI) en el Municipio de Chitr\u00e9 en la provincia de Herrera.<\/p>\n\n\n\n<p>Durante la intervenci\u00f3n del Cnel. De Le\u00f3n se\u00f1al\u00f3 que, esta inauguraci\u00f3n es el resultado del esfuerzo de un equipo liderado desde la sede de nuestra instituci\u00f3n en ciudad de Panam\u00e1 a trav\u00e9s de la Zona Regional de Herrera.<\/p>\n\n\n\n<p>\u201cLos usuarios tendr\u00e1n a disposici\u00f3n en esta provincia, un sitio que conformar\u00e1n la Ventanilla \u00danica del Municipio de Chitr\u00e9, para que puedan realizar los tr\u00e1mites de manera m\u00e1s \u00e1gil, en un solo sitio, sin tener que movilizarse, distancias alejadas\u201d agreg\u00f3.<\/p>\n\n\n\n<p>Este es un paso gigante hacia el progreso, optimizaci\u00f3n de los procesos que nuestro pa\u00eds requiere y que todos desde los diversos \u00e1mbitos, y \u00e1reas de responsabilidad estamos llamados a impulsar, pero bajo los par\u00e1metros regulatorios legales.<\/p>\n\n\n\n<p>Cabe destacar que la inauguraci\u00f3n de esta nueva oficina estuvo a cargo del Cnel. Ernesto De Le\u00f3n Echevers, director general encargado del Benem\u00e9rito Cuerpo de Bomberos de la Rep\u00fablica de Panam\u00e1 (BCBRP) junto al gobernador de la provincia de Herrera, El\u00edas Corro Cano y el alcalde de Chitr\u00e9, Juan Carlos Huerta.<\/p>\n\n\n\n<p>Acompa\u00f1aron del BCBRP al director general, el Tte. Cnel. comandante, primer jefe en la Zona Regional de Herrera, el Tte. Cnel. Jean Jes\u00fas Daley Rose, el mayor Liborio Montenegro, director nacional de Seguridad, Prevenci\u00f3n e Investigaci\u00f3n de Incendios<\/p>\n\n\n\n<p>Posteriormente en la Estaci\u00f3n Eustacio Chichaco de Chitr\u00e9, sede de la Zona Regional, el &nbsp;&nbsp;&nbsp;&nbsp;&nbsp;&nbsp;&nbsp;&nbsp;&nbsp;&nbsp;&nbsp; Cnel. De Le\u00f3n Echevers design\u00f3 a El\u00edas Corro Cano gobernador de la provincia de Herrera, Mayor Honorario del BCBRP.<\/p>\n\n\n\n<figure class=\"wp-block-image size-full\"><a href=\"https:\/\/alminutonoticia.com\/noticias\/wp-content\/uploads\/2024\/07\/WhatsApp-Image-2024-07-18-at-4.17.57-PM-2-1024x682-1.jpeg\"><img fetchpriority=\"high\" decoding=\"async\" width=\"1024\" height=\"682\" src=\"https:\/\/alminutonoticia.com\/noticias\/wp-content\/uploads\/2024\/07\/WhatsApp-Image-2024-07-18-at-4.17.57-PM-2-1024x682-1.jpeg\" alt=\"\" class=\"wp-image-12098\" title=\"\" srcset=\"https:\/\/alminutonoticia.com\/noticias\/wp-content\/uploads\/2024\/07\/WhatsApp-Image-2024-07-18-at-4.17.57-PM-2-1024x682-1.jpeg 1024w, https:\/\/alminutonoticia.com\/noticias\/wp-content\/uploads\/2024\/07\/WhatsApp-Image-2024-07-18-at-4.17.57-PM-2-1024x682-1-300x200.jpeg 300w, https:\/\/alminutonoticia.com\/noticias\/wp-content\/uploads\/2024\/07\/WhatsApp-Image-2024-07-18-at-4.17.57-PM-2-1024x682-1-768x512.jpeg 768w\" sizes=\"(max-width: 1024px) 100vw, 1024px\" \/><\/a><\/figure>\n","protected":false},"excerpt":{"rendered":"<p>En horas de la ma\u00f1ana de este jueves se le dio apertura a la Oficina de Recaudaci\u00f3n y Visado de Proyectos de la Direcci\u00f3n Nacional de Seguridad, Prevenci\u00f3n e Investigaci\u00f3n de Incendios (DINASEPI) en el Municipio de Chitr\u00e9 en la provincia de Herrera. Durante la intervenci\u00f3n del Cnel. De Le\u00f3n se\u00f1al\u00f3 que, esta inauguraci\u00f3n es [&hellip;]<\/p>\n","protected":false},"author":3,"featured_media":12098,"comment_status":"open","ping_status":"open","sticky":false,"template":"","format":"standard","meta":{"footnotes":""},"categories":[36],"tags":[],"class_list":["post-12097","post","type-post","status-publish","format-standard","has-post-thumbnail","hentry","category-nacionales"],"_links":{"self":[{"href":"https:\/\/alminutonoticia.com\/noticias\/wp-json\/wp\/v2\/posts\/12097","targetHints":{"allow":["GET"]}}],"collection":[{"href":"https:\/\/alminutonoticia.com\/noticias\/wp-json\/wp\/v2\/posts"}],"about":[{"href":"https:\/\/alminutonoticia.com\/noticias\/wp-json\/wp\/v2\/types\/post"}],"author":[{"embeddable":true,"href":"https:\/\/alminutonoticia.com\/noticias\/wp-json\/wp\/v2\/users\/3"}],"replies":[{"embeddable":true,"href":"https:\/\/alminutonoticia.com\/noticias\/wp-json\/wp\/v2\/comments?post=12097"}],"version-history":[{"count":1,"href":"https:\/\/alminutonoticia.com\/noticias\/wp-json\/wp\/v2\/posts\/12097\/revisions"}],"predecessor-version":[{"id":12099,"href":"https:\/\/alminutonoticia.com\/noticias\/wp-json\/wp\/v2\/posts\/12097\/revisions\/12099"}],"wp:featuredmedia":[{"embeddable":true,"href":"https:\/\/alminutonoticia.com\/noticias\/wp-json\/wp\/v2\/media\/12098"}],"wp:attachment":[{"href":"https:\/\/alminutonoticia.com\/noticias\/wp-json\/wp\/v2\/media?parent=12097"}],"wp:term":[{"taxonomy":"category","embeddable":true,"href":"https:\/\/alminutonoticia.com\/noticias\/wp-json\/wp\/v2\/categories?post=12097"},{"taxonomy":"post_tag","embeddable":true,"href":"https:\/\/alminutonoticia.com\/noticias\/wp-json\/wp\/v2\/tags?post=12097"}],"curies":[{"name":"wp","href":"https:\/\/api.w.org\/{rel}","templated":true}]}}