{"id":12092,"date":"2024-07-19T00:58:40","date_gmt":"2024-07-19T00:58:40","guid":{"rendered":"https:\/\/alminutonoticia.com\/noticias\/?p=12092"},"modified":"2024-07-19T00:58:42","modified_gmt":"2024-07-19T00:58:42","slug":"miviot-impulsa-penalizacion-de-invasiones-de-tierras-privadas-y-estatales","status":"publish","type":"post","link":"https:\/\/alminutonoticia.com\/noticias\/miviot-impulsa-penalizacion-de-invasiones-de-tierras-privadas-y-estatales\/","title":{"rendered":"Miviot impulsa penalizaci\u00f3n de invasiones de tierras privadas y estatales"},"content":{"rendered":"\n<p>Un proyecto de ley, que deber\u00e1 aprobar la Asamblea Nacional, para penalizar las invasiones tanto de terrenos privados como estatales, propone el Ministerio de Vivienda y Ordenamiento Territorial (Miviot) en virtud de la proliferaci\u00f3n de ocupaciones ilegales de tierra, lo que genera conflictos en las comunidades y exposiciones medi\u00e1ticas por desalojo a los que se ve obligada la Polic\u00eda.<\/p>\n\n\n\n<p>El ministro de Vivienda y Ordenamiento Territorial, Jaime A. Jovan\u00e9 C., impulsa un proyecto de ley cuyo \u201cobjetivo es lograr una planificaci\u00f3n, como meta primordial, con una comunicaci\u00f3n interinstitucional\u2026 Tenemos que detener las invasiones informales y paralelo a eso cumplir con las que ya est\u00e1n tratando de formalizar su titulaci\u00f3n\u201d.<\/p>\n\n\n\n<p>Jovan\u00e9 puso en el tapete las implicaciones en materia gubernamental que provoca el desorden en el levantamiento sin planificaci\u00f3n de viviendas improvisadas en tierras de propiedad privada y estatal, donde se contaminan fuentes naturales de agua, no cuentan con carreteras, ni servicio el\u00e9ctrico e incluso se hace mala disposici\u00f3n de los desechos.<\/p>\n\n\n\n<figure class=\"wp-block-image size-full\"><a href=\"https:\/\/alminutonoticia.com\/noticias\/wp-content\/uploads\/2024\/07\/informales2.jpg\"><img fetchpriority=\"high\" decoding=\"async\" width=\"920\" height=\"613\" src=\"https:\/\/alminutonoticia.com\/noticias\/wp-content\/uploads\/2024\/07\/informales2.jpg\" alt=\"\" class=\"wp-image-12093\" title=\"\" srcset=\"https:\/\/alminutonoticia.com\/noticias\/wp-content\/uploads\/2024\/07\/informales2.jpg 920w, https:\/\/alminutonoticia.com\/noticias\/wp-content\/uploads\/2024\/07\/informales2-300x200.jpg 300w, https:\/\/alminutonoticia.com\/noticias\/wp-content\/uploads\/2024\/07\/informales2-768x512.jpg 768w\" sizes=\"(max-width: 920px) 100vw, 920px\" \/><\/a><\/figure>\n\n\n\n<p>Adicional, el titular del Miviot precis\u00f3 que esa falta de planificaci\u00f3n en un plazo corto genera reclamos sociales de los invasores al Gobierno Nacional que terminan protestando por la falta de suministro de agua potable, energ\u00eda el\u00e9ctrica, recolecci\u00f3n de la basura y manejo de aguas servidas.<\/p>\n\n\n\n<p>\u201cS\u00ed, genera una carga a las instituciones del Estado que tienen la responsabilidad de suministrar los servicios p\u00fablicos\u201d, acot\u00f3 el ministro Jovan\u00e9.<\/p>\n\n\n\n<p>Agreg\u00f3 que la administraci\u00f3n del presidente de la Rep\u00fablica, Jos\u00e9 Ra\u00fal Mulino, busca un equilibrio y organizaci\u00f3n que permita que cuando existan \u00e1reas y desarrollos destinados para viviendas, las instituciones p\u00fablicas como el Instituto de Acueductos y Alcantarillados Nacionales conozcan los estudios y la planificaci\u00f3n, para cumplir con el abastecimiento de agua y aguas servidas.<\/p>\n\n\n\n<figure class=\"wp-block-image size-full\"><a href=\"https:\/\/alminutonoticia.com\/noticias\/wp-content\/uploads\/2024\/07\/informales5.jpg\"><img decoding=\"async\" width=\"920\" height=\"613\" src=\"https:\/\/alminutonoticia.com\/noticias\/wp-content\/uploads\/2024\/07\/informales5.jpg\" alt=\"\" class=\"wp-image-12094\" title=\"\" srcset=\"https:\/\/alminutonoticia.com\/noticias\/wp-content\/uploads\/2024\/07\/informales5.jpg 920w, https:\/\/alminutonoticia.com\/noticias\/wp-content\/uploads\/2024\/07\/informales5-300x200.jpg 300w, https:\/\/alminutonoticia.com\/noticias\/wp-content\/uploads\/2024\/07\/informales5-768x512.jpg 768w\" sizes=\"(max-width: 920px) 100vw, 920px\" \/><\/a><\/figure>\n\n\n\n<p>\u201cNo solamente un ordenamiento territorial, que es la responsabilidad del Ministerio, sino que dentro de ese ordenamiento territorial las instituciones que tienen que brindar servicio p\u00fablico est\u00e9n por delante\u201d, manifest\u00f3.<\/p>\n\n\n\n<p>El Miviot, a trav\u00e9s de la Direcci\u00f3n Nacional de Asentamientos Informales, mantiene m\u00e1s reportes de asentamientos informales en Panam\u00e1 Oeste, Panam\u00e1 Este y Bocas del Toro.<\/p>\n\n\n\n<figure class=\"wp-block-image size-full\"><a href=\"https:\/\/alminutonoticia.com\/noticias\/wp-content\/uploads\/2024\/07\/informales4.jpg\"><img decoding=\"async\" width=\"920\" height=\"613\" src=\"https:\/\/alminutonoticia.com\/noticias\/wp-content\/uploads\/2024\/07\/informales4.jpg\" alt=\"\" class=\"wp-image-12095\" title=\"\" srcset=\"https:\/\/alminutonoticia.com\/noticias\/wp-content\/uploads\/2024\/07\/informales4.jpg 920w, https:\/\/alminutonoticia.com\/noticias\/wp-content\/uploads\/2024\/07\/informales4-300x200.jpg 300w, https:\/\/alminutonoticia.com\/noticias\/wp-content\/uploads\/2024\/07\/informales4-768x512.jpg 768w\" sizes=\"(max-width: 920px) 100vw, 920px\" \/><\/a><\/figure>\n","protected":false},"excerpt":{"rendered":"<p>Un proyecto de ley, que deber\u00e1 aprobar la Asamblea Nacional, para penalizar las invasiones tanto de terrenos privados como estatales, propone el Ministerio de Vivienda y Ordenamiento Territorial (Miviot) en virtud de la proliferaci\u00f3n de ocupaciones ilegales de tierra, lo que genera conflictos en las comunidades y exposiciones medi\u00e1ticas por desalojo a los que se [&hellip;]<\/p>\n","protected":false},"author":3,"featured_media":12093,"comment_status":"open","ping_status":"open","sticky":false,"template":"","format":"standard","meta":{"footnotes":""},"categories":[36],"tags":[],"class_list":["post-12092","post","type-post","status-publish","format-standard","has-post-thumbnail","hentry","category-nacionales"],"_links":{"self":[{"href":"https:\/\/alminutonoticia.com\/noticias\/wp-json\/wp\/v2\/posts\/12092","targetHints":{"allow":["GET"]}}],"collection":[{"href":"https:\/\/alminutonoticia.com\/noticias\/wp-json\/wp\/v2\/posts"}],"about":[{"href":"https:\/\/alminutonoticia.com\/noticias\/wp-json\/wp\/v2\/types\/post"}],"author":[{"embeddable":true,"href":"https:\/\/alminutonoticia.com\/noticias\/wp-json\/wp\/v2\/users\/3"}],"replies":[{"embeddable":true,"href":"https:\/\/alminutonoticia.com\/noticias\/wp-json\/wp\/v2\/comments?post=12092"}],"version-history":[{"count":1,"href":"https:\/\/alminutonoticia.com\/noticias\/wp-json\/wp\/v2\/posts\/12092\/revisions"}],"predecessor-version":[{"id":12096,"href":"https:\/\/alminutonoticia.com\/noticias\/wp-json\/wp\/v2\/posts\/12092\/revisions\/12096"}],"wp:featuredmedia":[{"embeddable":true,"href":"https:\/\/alminutonoticia.com\/noticias\/wp-json\/wp\/v2\/media\/12093"}],"wp:attachment":[{"href":"https:\/\/alminutonoticia.com\/noticias\/wp-json\/wp\/v2\/media?parent=12092"}],"wp:term":[{"taxonomy":"category","embeddable":true,"href":"https:\/\/alminutonoticia.com\/noticias\/wp-json\/wp\/v2\/categories?post=12092"},{"taxonomy":"post_tag","embeddable":true,"href":"https:\/\/alminutonoticia.com\/noticias\/wp-json\/wp\/v2\/tags?post=12092"}],"curies":[{"name":"wp","href":"https:\/\/api.w.org\/{rel}","templated":true}]}}