{"id":12087,"date":"2024-07-19T00:55:43","date_gmt":"2024-07-19T00:55:43","guid":{"rendered":"https:\/\/alminutonoticia.com\/noticias\/?p=12087"},"modified":"2024-07-19T00:55:44","modified_gmt":"2024-07-19T00:55:44","slug":"ministro-de-salud-inspecciona-avance-del-nuevo-hospital-del-nino","status":"publish","type":"post","link":"https:\/\/alminutonoticia.com\/noticias\/ministro-de-salud-inspecciona-avance-del-nuevo-hospital-del-nino\/","title":{"rendered":"Ministro de Salud inspecciona avance del nuevo Hospital del Ni\u00f1o"},"content":{"rendered":"\n<p>&nbsp;El ministro de Salud, Fernando Boyd Galindo sostuvo este mi\u00e9rcoles un encuentro con la directiva del Hospital del Ni\u00f1o Dr. Jos\u00e9 Ren\u00e1n Esquivel, encabezada por el director m\u00e9dico de la instalaci\u00f3n Dr. Paul Gallardo.<\/p>\n\n\n\n<p>Entre los temas abordados estuvo la ejecuci\u00f3n del proyecto del nuevo Hospital del Ni\u00f1o, obra que cuenta con un avance cerca del 50%, as\u00ed como su financiamiento, recurso humano y el equipamiento.<\/p>\n\n\n\n<p>\u201cEs evidente el hacinamiento que presenta la actual estructura la cual ya cumpli\u00f3 su cometido, por lo que es de gran importancia que el proyecto del nuevo Hospital del Ni\u00f1o sea una realidad el pr\u00f3ximo a\u00f1o\u201d, acot\u00f3 Boyd Galindo.<\/p>\n\n\n\n<figure class=\"wp-block-image size-full\"><a href=\"https:\/\/alminutonoticia.com\/noticias\/wp-content\/uploads\/2024\/07\/WhatsApp-Image-2024-07-17-at-1.01.42-PM-1024x683-1.jpeg\"><img fetchpriority=\"high\" decoding=\"async\" width=\"1024\" height=\"683\" src=\"https:\/\/alminutonoticia.com\/noticias\/wp-content\/uploads\/2024\/07\/WhatsApp-Image-2024-07-17-at-1.01.42-PM-1024x683-1.jpeg\" alt=\"\" class=\"wp-image-12088\" title=\"\" srcset=\"https:\/\/alminutonoticia.com\/noticias\/wp-content\/uploads\/2024\/07\/WhatsApp-Image-2024-07-17-at-1.01.42-PM-1024x683-1.jpeg 1024w, https:\/\/alminutonoticia.com\/noticias\/wp-content\/uploads\/2024\/07\/WhatsApp-Image-2024-07-17-at-1.01.42-PM-1024x683-1-300x200.jpeg 300w, https:\/\/alminutonoticia.com\/noticias\/wp-content\/uploads\/2024\/07\/WhatsApp-Image-2024-07-17-at-1.01.42-PM-1024x683-1-768x512.jpeg 768w\" sizes=\"(max-width: 1024px) 100vw, 1024px\" \/><\/a><\/figure>\n\n\n\n<p>\u00a0De acuerdo con las proyecciones, explic\u00f3 que esta obra que avanza dentro del cronograma de tiempo tiene por fecha de entrega diciembre del 2025 o inicio del 2026.<\/p>\n\n\n\n<p>Por su parte, el Dr. Gallardo mencion\u00f3 que la empresa encargada labora incluso los fines de semana para concluir la obra en el tiempo estimado.<\/p>\n\n\n\n<p>Esta nueva y moderna instalaci\u00f3n desarrollada por la empresa Acciona Construcci\u00f3n, S.A., contar\u00e1 con una capacidad de 476 camas y con especialidades tales como: radiolog\u00eda, hematolog\u00eda, \u00e1rea de consulta externa, sal\u00f3n de operaciones, \u00e1rea de urgencias, laboratorios etc.<\/p>\n\n\n\n<p><strong>Recorrido en la actual instalaci\u00f3n<\/strong><\/p>\n\n\n\n<p>Paralelamente, el titular de Salud en compa\u00f1\u00eda del viceministro Manuel Zambrano, en conjunto con autoridades del Hospital del Ni\u00f1o se desplazaron por las diferentes Salas de atenci\u00f3n para conocer de cerca la realidad actual &nbsp;de la misma y buscar los mecanismos necesarios para seguir fortaleciendo los servicios que la poblaci\u00f3n se merece.<\/p>\n\n\n\n<figure class=\"wp-block-image size-full\"><a href=\"https:\/\/alminutonoticia.com\/noticias\/wp-content\/uploads\/2024\/07\/WhatsApp-Image-2024-07-17-at-1.01.44-PM-1-1024x774-1.jpeg\"><img decoding=\"async\" width=\"1024\" height=\"774\" src=\"https:\/\/alminutonoticia.com\/noticias\/wp-content\/uploads\/2024\/07\/WhatsApp-Image-2024-07-17-at-1.01.44-PM-1-1024x774-1.jpeg\" alt=\"\" class=\"wp-image-12089\" title=\"\" srcset=\"https:\/\/alminutonoticia.com\/noticias\/wp-content\/uploads\/2024\/07\/WhatsApp-Image-2024-07-17-at-1.01.44-PM-1-1024x774-1.jpeg 1024w, https:\/\/alminutonoticia.com\/noticias\/wp-content\/uploads\/2024\/07\/WhatsApp-Image-2024-07-17-at-1.01.44-PM-1-1024x774-1-300x227.jpeg 300w, https:\/\/alminutonoticia.com\/noticias\/wp-content\/uploads\/2024\/07\/WhatsApp-Image-2024-07-17-at-1.01.44-PM-1-1024x774-1-768x581.jpeg 768w\" sizes=\"(max-width: 1024px) 100vw, 1024px\" \/><\/a><\/figure>\n\n\n\n<p>El ministro de la Cartera concluy\u00f3 agradeciendo el trabajo realizado por el Dr. Gallardo el cual ha dirigido este centro m\u00e9dico con dedicaci\u00f3n y experiencia al servicio de la ni\u00f1ez paname\u00f1a.<\/p>\n\n\n\n<figure class=\"wp-block-image size-full\"><a href=\"https:\/\/alminutonoticia.com\/noticias\/wp-content\/uploads\/2024\/07\/WhatsApp-Image-2024-07-17-at-1.02.27-PM-1024x683-1.jpeg\"><img decoding=\"async\" width=\"1024\" height=\"683\" src=\"https:\/\/alminutonoticia.com\/noticias\/wp-content\/uploads\/2024\/07\/WhatsApp-Image-2024-07-17-at-1.02.27-PM-1024x683-1.jpeg\" alt=\"\" class=\"wp-image-12090\" title=\"\" srcset=\"https:\/\/alminutonoticia.com\/noticias\/wp-content\/uploads\/2024\/07\/WhatsApp-Image-2024-07-17-at-1.02.27-PM-1024x683-1.jpeg 1024w, https:\/\/alminutonoticia.com\/noticias\/wp-content\/uploads\/2024\/07\/WhatsApp-Image-2024-07-17-at-1.02.27-PM-1024x683-1-300x200.jpeg 300w, https:\/\/alminutonoticia.com\/noticias\/wp-content\/uploads\/2024\/07\/WhatsApp-Image-2024-07-17-at-1.02.27-PM-1024x683-1-768x512.jpeg 768w\" sizes=\"(max-width: 1024px) 100vw, 1024px\" \/><\/a><\/figure>\n","protected":false},"excerpt":{"rendered":"<p>&nbsp;El ministro de Salud, Fernando Boyd Galindo sostuvo este mi\u00e9rcoles un encuentro con la directiva del Hospital del Ni\u00f1o Dr. Jos\u00e9 Ren\u00e1n Esquivel, encabezada por el director m\u00e9dico de la instalaci\u00f3n Dr. Paul Gallardo. Entre los temas abordados estuvo la ejecuci\u00f3n del proyecto del nuevo Hospital del Ni\u00f1o, obra que cuenta con un avance cerca [&hellip;]<\/p>\n","protected":false},"author":3,"featured_media":12088,"comment_status":"open","ping_status":"open","sticky":false,"template":"","format":"standard","meta":{"footnotes":""},"categories":[36,45],"tags":[],"class_list":["post-12087","post","type-post","status-publish","format-standard","has-post-thumbnail","hentry","category-nacionales","category-salud"],"_links":{"self":[{"href":"https:\/\/alminutonoticia.com\/noticias\/wp-json\/wp\/v2\/posts\/12087","targetHints":{"allow":["GET"]}}],"collection":[{"href":"https:\/\/alminutonoticia.com\/noticias\/wp-json\/wp\/v2\/posts"}],"about":[{"href":"https:\/\/alminutonoticia.com\/noticias\/wp-json\/wp\/v2\/types\/post"}],"author":[{"embeddable":true,"href":"https:\/\/alminutonoticia.com\/noticias\/wp-json\/wp\/v2\/users\/3"}],"replies":[{"embeddable":true,"href":"https:\/\/alminutonoticia.com\/noticias\/wp-json\/wp\/v2\/comments?post=12087"}],"version-history":[{"count":1,"href":"https:\/\/alminutonoticia.com\/noticias\/wp-json\/wp\/v2\/posts\/12087\/revisions"}],"predecessor-version":[{"id":12091,"href":"https:\/\/alminutonoticia.com\/noticias\/wp-json\/wp\/v2\/posts\/12087\/revisions\/12091"}],"wp:featuredmedia":[{"embeddable":true,"href":"https:\/\/alminutonoticia.com\/noticias\/wp-json\/wp\/v2\/media\/12088"}],"wp:attachment":[{"href":"https:\/\/alminutonoticia.com\/noticias\/wp-json\/wp\/v2\/media?parent=12087"}],"wp:term":[{"taxonomy":"category","embeddable":true,"href":"https:\/\/alminutonoticia.com\/noticias\/wp-json\/wp\/v2\/categories?post=12087"},{"taxonomy":"post_tag","embeddable":true,"href":"https:\/\/alminutonoticia.com\/noticias\/wp-json\/wp\/v2\/tags?post=12087"}],"curies":[{"name":"wp","href":"https:\/\/api.w.org\/{rel}","templated":true}]}}