{"id":12081,"date":"2024-07-19T00:48:00","date_gmt":"2024-07-19T00:48:00","guid":{"rendered":"https:\/\/alminutonoticia.com\/noticias\/?p=12081"},"modified":"2024-07-19T00:48:01","modified_gmt":"2024-07-19T00:48:01","slug":"mulino-anuncia-contencion-del-gasto-para-el-gobierno-nacional","status":"publish","type":"post","link":"https:\/\/alminutonoticia.com\/noticias\/mulino-anuncia-contencion-del-gasto-para-el-gobierno-nacional\/","title":{"rendered":"Mulino anuncia contenci\u00f3n del gasto para el Gobierno Nacional"},"content":{"rendered":"\n<p>La ma\u00f1ana de este jueves, el presidente de la Rep\u00fablica Jos\u00e9 Ra\u00fal Mulino anunci\u00f3 que su gobierno esta preparando un plan de contenci\u00f3n del gasto en el \u00e1rea de funcionamiento no as\u00ed de inversi\u00f3n, el cu\u00e1l ser\u00e1 revelado la pr\u00f3xima semana.<\/p>\n\n\n\n<p>El mandatario de la naci\u00f3n paname\u00f1a en conferencia de prensa que se realizar\u00e1n a partir de la fecha todos los jueves, sostuvo que el pr\u00f3ximo martes se conocer\u00e1n los detalles del plan que debe ser aprobado por el Consejo de Gabinete.<\/p>\n\n\n\n<p>\u00abSe han detectado numerosas irregularidades en diversas instituciones, y las mismas han sido enviadas al Ministerio P\u00fablico para su correspondiente investigaci\u00f3n. Mi gobierno no perder\u00e1 tiempo en persecuciones pol\u00edticas y que no eludir\u00e1 los problemas\u00bb.<\/p>\n\n\n\n<p>Por otro lado, el presidente se refiri\u00f3 a la disminuci\u00f3n en el tr\u00e1nsito de migrantes irregulares a trav\u00e9s de Panam\u00e1, seg\u00fan informes del Servicio Nacional de Fronteras. Destacando que en junio, pasaron 31,049 migrantes irregulares, mientras que en lo que va de julio, han sido 11,386. La mayor\u00eda de estos migrantes son venezolanos, seguidos por ecuatorianos y colombianos.<\/p>\n\n\n\n<p>Jos\u00e9 Ra\u00fal Mulino como presidente de la Rep\u00fablica de Panam\u00e1 sostuvo la importancia de abordar la crisis migratoria y se mostr\u00f3 satisfecho con los esfuerzos realizados para manejar la situaci\u00f3n.<\/p>\n\n\n\n<figure class=\"wp-block-image size-full\"><a href=\"https:\/\/alminutonoticia.com\/noticias\/wp-content\/uploads\/2024\/07\/WhatsApp-Image-2024-07-18-at-9.20.46-AM-1024x684-1.jpeg\"><img fetchpriority=\"high\" decoding=\"async\" width=\"1024\" height=\"684\" src=\"https:\/\/alminutonoticia.com\/noticias\/wp-content\/uploads\/2024\/07\/WhatsApp-Image-2024-07-18-at-9.20.46-AM-1024x684-1.jpeg\" alt=\"\" class=\"wp-image-12082\" title=\"\" srcset=\"https:\/\/alminutonoticia.com\/noticias\/wp-content\/uploads\/2024\/07\/WhatsApp-Image-2024-07-18-at-9.20.46-AM-1024x684-1.jpeg 1024w, https:\/\/alminutonoticia.com\/noticias\/wp-content\/uploads\/2024\/07\/WhatsApp-Image-2024-07-18-at-9.20.46-AM-1024x684-1-300x200.jpeg 300w, https:\/\/alminutonoticia.com\/noticias\/wp-content\/uploads\/2024\/07\/WhatsApp-Image-2024-07-18-at-9.20.46-AM-1024x684-1-768x513.jpeg 768w\" sizes=\"(max-width: 1024px) 100vw, 1024px\" \/><\/a><\/figure>\n","protected":false},"excerpt":{"rendered":"<p>La ma\u00f1ana de este jueves, el presidente de la Rep\u00fablica Jos\u00e9 Ra\u00fal Mulino anunci\u00f3 que su gobierno esta preparando un plan de contenci\u00f3n del gasto en el \u00e1rea de funcionamiento no as\u00ed de inversi\u00f3n, el cu\u00e1l ser\u00e1 revelado la pr\u00f3xima semana. El mandatario de la naci\u00f3n paname\u00f1a en conferencia de prensa que se realizar\u00e1n a [&hellip;]<\/p>\n","protected":false},"author":3,"featured_media":12082,"comment_status":"open","ping_status":"open","sticky":false,"template":"","format":"standard","meta":{"footnotes":""},"categories":[36],"tags":[],"class_list":["post-12081","post","type-post","status-publish","format-standard","has-post-thumbnail","hentry","category-nacionales"],"_links":{"self":[{"href":"https:\/\/alminutonoticia.com\/noticias\/wp-json\/wp\/v2\/posts\/12081","targetHints":{"allow":["GET"]}}],"collection":[{"href":"https:\/\/alminutonoticia.com\/noticias\/wp-json\/wp\/v2\/posts"}],"about":[{"href":"https:\/\/alminutonoticia.com\/noticias\/wp-json\/wp\/v2\/types\/post"}],"author":[{"embeddable":true,"href":"https:\/\/alminutonoticia.com\/noticias\/wp-json\/wp\/v2\/users\/3"}],"replies":[{"embeddable":true,"href":"https:\/\/alminutonoticia.com\/noticias\/wp-json\/wp\/v2\/comments?post=12081"}],"version-history":[{"count":1,"href":"https:\/\/alminutonoticia.com\/noticias\/wp-json\/wp\/v2\/posts\/12081\/revisions"}],"predecessor-version":[{"id":12083,"href":"https:\/\/alminutonoticia.com\/noticias\/wp-json\/wp\/v2\/posts\/12081\/revisions\/12083"}],"wp:featuredmedia":[{"embeddable":true,"href":"https:\/\/alminutonoticia.com\/noticias\/wp-json\/wp\/v2\/media\/12082"}],"wp:attachment":[{"href":"https:\/\/alminutonoticia.com\/noticias\/wp-json\/wp\/v2\/media?parent=12081"}],"wp:term":[{"taxonomy":"category","embeddable":true,"href":"https:\/\/alminutonoticia.com\/noticias\/wp-json\/wp\/v2\/categories?post=12081"},{"taxonomy":"post_tag","embeddable":true,"href":"https:\/\/alminutonoticia.com\/noticias\/wp-json\/wp\/v2\/tags?post=12081"}],"curies":[{"name":"wp","href":"https:\/\/api.w.org\/{rel}","templated":true}]}}