{"id":12078,"date":"2024-07-19T00:46:04","date_gmt":"2024-07-19T00:46:04","guid":{"rendered":"https:\/\/alminutonoticia.com\/noticias\/?p=12078"},"modified":"2024-07-19T00:46:05","modified_gmt":"2024-07-19T00:46:05","slug":"beneficiarios-de-padrino-empresario-podran-acceder-a-mi-primer-empleo-gracias-a-la-alianza-mides-y-mitradel","status":"publish","type":"post","link":"https:\/\/alminutonoticia.com\/noticias\/beneficiarios-de-padrino-empresario-podran-acceder-a-mi-primer-empleo-gracias-a-la-alianza-mides-y-mitradel\/","title":{"rendered":"Beneficiarios de Padrino Empresario podr\u00e1n acceder a Mi Primer Empleo gracias a la alianza Mides y Mitradel"},"content":{"rendered":"\n<p>La ministra de Desarrollo Social (MIDES), Beatriz Carles de Arango y su hom\u00f3loga de Trabajo y Desarrollo Laboral (Mitradel), Jackeline Mu\u00f1oz, adelantan conversaciones para establecer una alianza estrat\u00e9gica que le permitir\u00e1 a los beneficiarios de Padrino Empresario acceder al proyecto: Mi Primer Empleo, cuyo objetivo principal es contribuir a garantizar empleo a la poblaci\u00f3n joven.<\/p>\n\n\n\n<p>La alianza entre estos dos ministerios ratifica el compromiso del presidente de la Rep\u00fablica, Jos\u00e9 Ra\u00fal Mulino, por impulsar el crecimiento econ\u00f3mico en el pa\u00eds a trav\u00e9s de una sinergia con la empresa privada.<\/p>\n\n\n\n<p>La ministra Carles de Arango explic\u00f3 que ahora los beneficiarios de Padrino Empresario al concluir su participaci\u00f3n en el programa acceder\u00e1n directamente a Mi Primer Empleo. Destac\u00f3 que esta iniciativa beneficiar\u00e1 directamente a 320 j\u00f3venes entre 15 y 17 a\u00f1os que actualmente se encuentran insertados en el programa.<\/p>\n\n\n\n<p>En tanto, la ministra Mu\u00f1oz asegur\u00f3 que a trav\u00e9s de esta cooperaci\u00f3n se van a generar oportunidades y se contribuir\u00e1 a la vida productiva de los j\u00f3venes que hoy buscan un empleo digno.<\/p>\n\n\n\n<p>Padrino Empresario es un programa que est\u00e1 dirigido a estudiantes en riesgo social que a trav\u00e9s de una pasant\u00eda laboral reciben una beca de B\/. 195.00 a B\/. 292.50 mensuales, de acuerdo con el n\u00famero de horas en la que se capacitan, que van de 4 a 6 horas diarias.<\/p>\n\n\n\n<p>Durante el tiempo de la pasant\u00eda, los estudiantes reciben supervisi\u00f3n acad\u00e9mica mediante monitoreo de boletines, comprobantes de pago de matr\u00edcula y visitas a los colegios. Los estudiantes tambi\u00e9n participan de jornadas de capacitaci\u00f3n que son dirigidas, tanto a adolescentes como a tutores, en temas de su propia realidad.<\/p>\n\n\n\n<p>Se trata de un programa muy interesante, porque combate la deserci\u00f3n escolar, impulsa el primer empleo y ayuda a impulsar el desarrollo de las empresas con j\u00f3venes entusiastas y comprometidos.<\/p>\n\n\n\n<p>Mientras que Mi Primer Empleo de Mitradel es un proyecto de intermediaci\u00f3n laboral que facilita la primera experiencia de trabajo a j\u00f3venes bachilleres, universitarios (as), escuelas vocacionales o con formaci\u00f3n t\u00e9cnica del Instituto Nacional de Formaci\u00f3n Profesional y Capacitaci\u00f3n para el Desarrollo Humano (INADEH), entre 17 y 24 a\u00f1os de edad.<\/p>\n\n\n\n<p>Este proyecto que iniciar\u00e1 el pr\u00f3ximo 1 de agosto de 2024 beneficiar\u00e1 en su primera etapa a mil j\u00f3venes, como parte del presupuesto destinado para este a\u00f1o.<\/p>\n\n\n\n<p>A trav\u00e9s de la Direcci\u00f3n de Empleo se promover\u00e1 en las empresas la inserci\u00f3n laboral que contempla pasant\u00edas de tres meses, en las que el Gobierno Nacional mediante el Mitradel se compromete en pagar mensualmente B\/.300.00 a cada trabajador y la empresa contratante pagar\u00e1 la diferencia del salario base.<\/p>\n\n\n\n<p>La metodolog\u00eda establece que las empresas participantes recibir\u00e1n incentivos fiscales equivalentes al doble del salario m\u00ednimo mensual en impuesto sobre la renta.<\/p>\n\n\n\n<p>Como parte del proceso de sus pasant\u00edas, los j\u00f3venes ser\u00e1n capacitados por especialistas en habilidades socioemocionales que les ayudar\u00e1n a potencializar sus habilidades para la vida y el trabajo con enfoque de g\u00e9nero, permiti\u00e9ndoles que al final, un porcentaje significativo quede insertado en el mundo del trabajo de manera formal.<\/p>\n\n\n\n<figure class=\"wp-block-image size-full\"><a href=\"https:\/\/alminutonoticia.com\/noticias\/wp-content\/uploads\/2024\/07\/WhatsApp-Image-2024-07-18-at-11.42.05-AM-1-1024x682-1.jpeg\"><img fetchpriority=\"high\" decoding=\"async\" width=\"1024\" height=\"682\" src=\"https:\/\/alminutonoticia.com\/noticias\/wp-content\/uploads\/2024\/07\/WhatsApp-Image-2024-07-18-at-11.42.05-AM-1-1024x682-1.jpeg\" alt=\"\" class=\"wp-image-12079\" title=\"\" srcset=\"https:\/\/alminutonoticia.com\/noticias\/wp-content\/uploads\/2024\/07\/WhatsApp-Image-2024-07-18-at-11.42.05-AM-1-1024x682-1.jpeg 1024w, https:\/\/alminutonoticia.com\/noticias\/wp-content\/uploads\/2024\/07\/WhatsApp-Image-2024-07-18-at-11.42.05-AM-1-1024x682-1-300x200.jpeg 300w, https:\/\/alminutonoticia.com\/noticias\/wp-content\/uploads\/2024\/07\/WhatsApp-Image-2024-07-18-at-11.42.05-AM-1-1024x682-1-768x512.jpeg 768w\" sizes=\"(max-width: 1024px) 100vw, 1024px\" \/><\/a><\/figure>\n","protected":false},"excerpt":{"rendered":"<p>La ministra de Desarrollo Social (MIDES), Beatriz Carles de Arango y su hom\u00f3loga de Trabajo y Desarrollo Laboral (Mitradel), Jackeline Mu\u00f1oz, adelantan conversaciones para establecer una alianza estrat\u00e9gica que le permitir\u00e1 a los beneficiarios de Padrino Empresario acceder al proyecto: Mi Primer Empleo, cuyo objetivo principal es contribuir a garantizar empleo a la poblaci\u00f3n joven. [&hellip;]<\/p>\n","protected":false},"author":3,"featured_media":12079,"comment_status":"open","ping_status":"open","sticky":false,"template":"","format":"standard","meta":{"footnotes":""},"categories":[36],"tags":[],"class_list":["post-12078","post","type-post","status-publish","format-standard","has-post-thumbnail","hentry","category-nacionales"],"_links":{"self":[{"href":"https:\/\/alminutonoticia.com\/noticias\/wp-json\/wp\/v2\/posts\/12078","targetHints":{"allow":["GET"]}}],"collection":[{"href":"https:\/\/alminutonoticia.com\/noticias\/wp-json\/wp\/v2\/posts"}],"about":[{"href":"https:\/\/alminutonoticia.com\/noticias\/wp-json\/wp\/v2\/types\/post"}],"author":[{"embeddable":true,"href":"https:\/\/alminutonoticia.com\/noticias\/wp-json\/wp\/v2\/users\/3"}],"replies":[{"embeddable":true,"href":"https:\/\/alminutonoticia.com\/noticias\/wp-json\/wp\/v2\/comments?post=12078"}],"version-history":[{"count":1,"href":"https:\/\/alminutonoticia.com\/noticias\/wp-json\/wp\/v2\/posts\/12078\/revisions"}],"predecessor-version":[{"id":12080,"href":"https:\/\/alminutonoticia.com\/noticias\/wp-json\/wp\/v2\/posts\/12078\/revisions\/12080"}],"wp:featuredmedia":[{"embeddable":true,"href":"https:\/\/alminutonoticia.com\/noticias\/wp-json\/wp\/v2\/media\/12079"}],"wp:attachment":[{"href":"https:\/\/alminutonoticia.com\/noticias\/wp-json\/wp\/v2\/media?parent=12078"}],"wp:term":[{"taxonomy":"category","embeddable":true,"href":"https:\/\/alminutonoticia.com\/noticias\/wp-json\/wp\/v2\/categories?post=12078"},{"taxonomy":"post_tag","embeddable":true,"href":"https:\/\/alminutonoticia.com\/noticias\/wp-json\/wp\/v2\/tags?post=12078"}],"curies":[{"name":"wp","href":"https:\/\/api.w.org\/{rel}","templated":true}]}}