{"id":12075,"date":"2024-07-19T00:32:04","date_gmt":"2024-07-19T00:32:04","guid":{"rendered":"https:\/\/alminutonoticia.com\/noticias\/?p=12075"},"modified":"2024-07-19T00:32:06","modified_gmt":"2024-07-19T00:32:06","slug":"presentan-resultados-de-las-elecciones-de-la-ninez-y-la-adolescencia","status":"publish","type":"post","link":"https:\/\/alminutonoticia.com\/noticias\/presentan-resultados-de-las-elecciones-de-la-ninez-y-la-adolescencia\/","title":{"rendered":"Presentan resultados de las elecciones de la ni\u00f1ez y la adolescencia"},"content":{"rendered":"\n<p>Un total de 6 mil 435 electores de entre 5 y 17 a\u00f1os de edad acudieron a las urnas el pasado 5 de mayo de 2024 durante las elecciones de la ni\u00f1ez y la adolescencia, que se celebraron simult\u00e1neamente con la elecci\u00f3n general y que fueron organizadas y desarrolladas por el Tribunal Electoral (TE) por medio del Instituto de Estudios Democr\u00e1ticos (INED).<\/p>\n\n\n\n<p>La informaci\u00f3n se desprende de la presentaci\u00f3n que se realiz\u00f3 este mi\u00e9rcoles 17 de julio sobre el informe de los resultados oficiales de estos comicios, en los que los ni\u00f1os y j\u00f3venes votaron por los valores de la tolerancia, que obtuvo 561 votos; la igualdad, que registr\u00f3 1,044; la honestidad, con 1,741; y por el respeto, que result\u00f3 el amplio ganador con 2,774 votos.<\/p>\n\n\n\n<p>Correspondi\u00f3 a Carlos D\u00edaz, subdirector ejecutivo del INED, y a Aneth Zambrano, jefa del Departamento de Formaci\u00f3n Ciudadana, presentar los resultados de esta iniciativa que tuvo como lema \u201cFormando Ciudadanos\u201d y que se desarroll\u00f3 en 30 centros electorales, donde fueron escrutadas 136 actas y el porcentaje de la votaci\u00f3n por g\u00e9nero mostr\u00f3 que 54 % de votantes fueron se\u00f1oritas y el 46 % fueron jovencitos.<\/p>\n\n\n\n<p>En el acto participaron representantes de IDEA Internacional, el Ministerio de Educaci\u00f3n(MEDUCA), la Secretar\u00eda Nacional de Ni\u00f1ez, Adolescencia y Familia(Senniaf), el Club Activo 20-30, la Asociaci\u00f3n de Muchachas Gu\u00edas, el Fondo de las Naciones Unidas para la Infancia (UNICEF), el Servicio Nacional de la Discapacidad (Senadis) y la Asociaci\u00f3n Paname\u00f1a de Debate (ASPADE).<\/p>\n\n\n\n<p>Las elecciones de la ni\u00f1ez y la adolescencia se fundamentan en el Art\u00edculo 145 del C\u00f3digo Electoral, que establece que el TE desarrollar\u00e1 y ejecutar\u00e1 programas permanentes de educaci\u00f3n y capacitaci\u00f3n c\u00edvica-electoral, dirigidos al sistema educativo oficial y particular.<\/p>\n\n\n\n<figure class=\"wp-block-image size-full\"><a href=\"https:\/\/alminutonoticia.com\/noticias\/wp-content\/uploads\/2024\/07\/de-leones-770x470-1.jpg\"><img fetchpriority=\"high\" decoding=\"async\" width=\"770\" height=\"470\" src=\"https:\/\/alminutonoticia.com\/noticias\/wp-content\/uploads\/2024\/07\/de-leones-770x470-1.jpg\" alt=\"\" class=\"wp-image-12076\" title=\"\" srcset=\"https:\/\/alminutonoticia.com\/noticias\/wp-content\/uploads\/2024\/07\/de-leones-770x470-1.jpg 770w, https:\/\/alminutonoticia.com\/noticias\/wp-content\/uploads\/2024\/07\/de-leones-770x470-1-300x183.jpg 300w, https:\/\/alminutonoticia.com\/noticias\/wp-content\/uploads\/2024\/07\/de-leones-770x470-1-768x469.jpg 768w\" sizes=\"(max-width: 770px) 100vw, 770px\" \/><\/a><\/figure>\n","protected":false},"excerpt":{"rendered":"<p>Un total de 6 mil 435 electores de entre 5 y 17 a\u00f1os de edad acudieron a las urnas el pasado 5 de mayo de 2024 durante las elecciones de la ni\u00f1ez y la adolescencia, que se celebraron simult\u00e1neamente con la elecci\u00f3n general y que fueron organizadas y desarrolladas por el Tribunal Electoral (TE) por [&hellip;]<\/p>\n","protected":false},"author":3,"featured_media":12076,"comment_status":"open","ping_status":"open","sticky":false,"template":"","format":"standard","meta":{"footnotes":""},"categories":[36],"tags":[],"class_list":["post-12075","post","type-post","status-publish","format-standard","has-post-thumbnail","hentry","category-nacionales"],"_links":{"self":[{"href":"https:\/\/alminutonoticia.com\/noticias\/wp-json\/wp\/v2\/posts\/12075","targetHints":{"allow":["GET"]}}],"collection":[{"href":"https:\/\/alminutonoticia.com\/noticias\/wp-json\/wp\/v2\/posts"}],"about":[{"href":"https:\/\/alminutonoticia.com\/noticias\/wp-json\/wp\/v2\/types\/post"}],"author":[{"embeddable":true,"href":"https:\/\/alminutonoticia.com\/noticias\/wp-json\/wp\/v2\/users\/3"}],"replies":[{"embeddable":true,"href":"https:\/\/alminutonoticia.com\/noticias\/wp-json\/wp\/v2\/comments?post=12075"}],"version-history":[{"count":1,"href":"https:\/\/alminutonoticia.com\/noticias\/wp-json\/wp\/v2\/posts\/12075\/revisions"}],"predecessor-version":[{"id":12077,"href":"https:\/\/alminutonoticia.com\/noticias\/wp-json\/wp\/v2\/posts\/12075\/revisions\/12077"}],"wp:featuredmedia":[{"embeddable":true,"href":"https:\/\/alminutonoticia.com\/noticias\/wp-json\/wp\/v2\/media\/12076"}],"wp:attachment":[{"href":"https:\/\/alminutonoticia.com\/noticias\/wp-json\/wp\/v2\/media?parent=12075"}],"wp:term":[{"taxonomy":"category","embeddable":true,"href":"https:\/\/alminutonoticia.com\/noticias\/wp-json\/wp\/v2\/categories?post=12075"},{"taxonomy":"post_tag","embeddable":true,"href":"https:\/\/alminutonoticia.com\/noticias\/wp-json\/wp\/v2\/tags?post=12075"}],"curies":[{"name":"wp","href":"https:\/\/api.w.org\/{rel}","templated":true}]}}