{"id":12065,"date":"2024-07-18T01:27:41","date_gmt":"2024-07-18T01:27:41","guid":{"rendered":"https:\/\/alminutonoticia.com\/noticias\/?p=12065"},"modified":"2024-07-18T01:27:43","modified_gmt":"2024-07-18T01:27:43","slug":"panama-ha-instalado-mas-de-4-7-kilomentros-de-cercas-perimetrales-en-la-frontera-con-colombia","status":"publish","type":"post","link":"https:\/\/alminutonoticia.com\/noticias\/panama-ha-instalado-mas-de-4-7-kilomentros-de-cercas-perimetrales-en-la-frontera-con-colombia\/","title":{"rendered":"Panam\u00e1 ha instalado m\u00e1s de 4.7 kil\u00f3mentros de cercas perimetrales en la frontera con Colombia"},"content":{"rendered":"\n<p>El Servicio Nacional de Fronteras (Senafront) inform\u00f3 este 17 de julio en conferencia de prensa que en la frontera con Colombia han instalado 4.7 kil\u00f3metros de cercas perimetrales con el objetivo de controlar el flujo migratorio ilegal.<\/p>\n\n\n\n<p>\u00abHemos desarrollado acciones en profundidad en la frontera con Colombia, cercando m\u00e1s de 4.7 kil\u00f3metros, que inclu\u00edan m\u00e1s de cinco pasos clandestinos utilizados por el crimen organizado para movilizar migrantes desde Colombia hacia Panam\u00e1\u00bb, sostuvo Jorge Gobea, director de Senafront.<\/p>\n\n\n\n<p>Agreg\u00f3 que m\u00e1s de siete embarcaciones realizan un bloqueo costero, \u00abm\u00e1s de 25 patrullas que se mantienen caminando, tratando de ubicar a aquel que delinca contra los migrantes y tambi\u00e9n (para) auxiliar a los inmigrantes que producto de las situaciones adversas del clima y del cruce por el Dari\u00e9n se ven afectados\u00bb.<\/p>\n\n\n\n<p>Ante el cierre de esas cinco trochas, el flujo de migrantes ha bajado en comparaci\u00f3n al mismo periodo del a\u00f1o pasado.<\/p>\n\n\n\n<p>\u00abEn estos momentos llevamos menos de 9 mil migrantes comparados con el mismo d\u00eda del a\u00f1o pasado, as\u00ed que es un factor que ha incidido directamente en el movimiento\u00bb, se\u00f1al\u00f3 Gobea.&nbsp;<\/p>\n\n\n\n<figure class=\"wp-block-image size-full\"><a href=\"https:\/\/alminutonoticia.com\/noticias\/wp-content\/uploads\/2024\/07\/esta-es-1-770x470-1.jpeg\"><img fetchpriority=\"high\" decoding=\"async\" width=\"770\" height=\"470\" src=\"https:\/\/alminutonoticia.com\/noticias\/wp-content\/uploads\/2024\/07\/esta-es-1-770x470-1.jpeg\" alt=\"\" class=\"wp-image-12066\" title=\"\" srcset=\"https:\/\/alminutonoticia.com\/noticias\/wp-content\/uploads\/2024\/07\/esta-es-1-770x470-1.jpeg 770w, https:\/\/alminutonoticia.com\/noticias\/wp-content\/uploads\/2024\/07\/esta-es-1-770x470-1-300x183.jpeg 300w, https:\/\/alminutonoticia.com\/noticias\/wp-content\/uploads\/2024\/07\/esta-es-1-770x470-1-768x469.jpeg 768w\" sizes=\"(max-width: 770px) 100vw, 770px\" \/><\/a><\/figure>\n","protected":false},"excerpt":{"rendered":"<p>El Servicio Nacional de Fronteras (Senafront) inform\u00f3 este 17 de julio en conferencia de prensa que en la frontera con Colombia han instalado 4.7 kil\u00f3metros de cercas perimetrales con el objetivo de controlar el flujo migratorio ilegal. \u00abHemos desarrollado acciones en profundidad en la frontera con Colombia, cercando m\u00e1s de 4.7 kil\u00f3metros, que inclu\u00edan m\u00e1s [&hellip;]<\/p>\n","protected":false},"author":3,"featured_media":12066,"comment_status":"open","ping_status":"open","sticky":false,"template":"","format":"standard","meta":{"footnotes":""},"categories":[36],"tags":[],"class_list":["post-12065","post","type-post","status-publish","format-standard","has-post-thumbnail","hentry","category-nacionales"],"_links":{"self":[{"href":"https:\/\/alminutonoticia.com\/noticias\/wp-json\/wp\/v2\/posts\/12065","targetHints":{"allow":["GET"]}}],"collection":[{"href":"https:\/\/alminutonoticia.com\/noticias\/wp-json\/wp\/v2\/posts"}],"about":[{"href":"https:\/\/alminutonoticia.com\/noticias\/wp-json\/wp\/v2\/types\/post"}],"author":[{"embeddable":true,"href":"https:\/\/alminutonoticia.com\/noticias\/wp-json\/wp\/v2\/users\/3"}],"replies":[{"embeddable":true,"href":"https:\/\/alminutonoticia.com\/noticias\/wp-json\/wp\/v2\/comments?post=12065"}],"version-history":[{"count":1,"href":"https:\/\/alminutonoticia.com\/noticias\/wp-json\/wp\/v2\/posts\/12065\/revisions"}],"predecessor-version":[{"id":12067,"href":"https:\/\/alminutonoticia.com\/noticias\/wp-json\/wp\/v2\/posts\/12065\/revisions\/12067"}],"wp:featuredmedia":[{"embeddable":true,"href":"https:\/\/alminutonoticia.com\/noticias\/wp-json\/wp\/v2\/media\/12066"}],"wp:attachment":[{"href":"https:\/\/alminutonoticia.com\/noticias\/wp-json\/wp\/v2\/media?parent=12065"}],"wp:term":[{"taxonomy":"category","embeddable":true,"href":"https:\/\/alminutonoticia.com\/noticias\/wp-json\/wp\/v2\/categories?post=12065"},{"taxonomy":"post_tag","embeddable":true,"href":"https:\/\/alminutonoticia.com\/noticias\/wp-json\/wp\/v2\/tags?post=12065"}],"curies":[{"name":"wp","href":"https:\/\/api.w.org\/{rel}","templated":true}]}}