{"id":12062,"date":"2024-07-18T01:22:00","date_gmt":"2024-07-18T01:22:00","guid":{"rendered":"https:\/\/alminutonoticia.com\/noticias\/?p=12062"},"modified":"2024-07-18T01:22:01","modified_gmt":"2024-07-18T01:22:01","slug":"migracion-policia-y-salud-le-caen-al-edificio-de-las-carinosas-en-la-5-de-mayo-y-aprehenden-a-16-personas","status":"publish","type":"post","link":"https:\/\/alminutonoticia.com\/noticias\/migracion-policia-y-salud-le-caen-al-edificio-de-las-carinosas-en-la-5-de-mayo-y-aprehenden-a-16-personas\/","title":{"rendered":"Migraci\u00f3n, Polic\u00eda y Salud le caen al edificio de las \u2018cari\u00f1osas\u2019 en la 5 de Mayo y aprehenden a 16 personas"},"content":{"rendered":"\n<p>La tarde de este 17 de julio, la Polic\u00eda Nacional, el Servicio Nacional de Migraci\u00f3n, el Ministerio P\u00fablico y el Ministerio de Salud realizaron un allanamiento y registro en un edificio de la 5 de Mayo.<\/p>\n\n\n\n<p>La Operaci\u00f3n Luna 2, fue con la finalidad de contrarrestar posibles actividades delictivas como la trata de personas, y otros delitos.<\/p>\n\n\n\n<p>En esta ocasi\u00f3n, 16 personas de diversas nacionalidades fueron aprehendidas, entre esas 14 fueron mujeres, y 2 hombres.<\/p>\n\n\n\n<p>Ellos fueron llevados ante el juez de paz, quien determinar\u00e1 su estatus legal en el territorio nacional.<\/p>\n\n\n\n<figure class=\"wp-block-image size-full\"><a href=\"https:\/\/alminutonoticia.com\/noticias\/wp-content\/uploads\/2024\/07\/dynas-770x470-1.jpeg\"><img fetchpriority=\"high\" decoding=\"async\" width=\"770\" height=\"470\" src=\"https:\/\/alminutonoticia.com\/noticias\/wp-content\/uploads\/2024\/07\/dynas-770x470-1.jpeg\" alt=\"\" class=\"wp-image-12063\" title=\"\" srcset=\"https:\/\/alminutonoticia.com\/noticias\/wp-content\/uploads\/2024\/07\/dynas-770x470-1.jpeg 770w, https:\/\/alminutonoticia.com\/noticias\/wp-content\/uploads\/2024\/07\/dynas-770x470-1-300x183.jpeg 300w, https:\/\/alminutonoticia.com\/noticias\/wp-content\/uploads\/2024\/07\/dynas-770x470-1-768x469.jpeg 768w\" sizes=\"(max-width: 770px) 100vw, 770px\" \/><\/a><\/figure>\n","protected":false},"excerpt":{"rendered":"<p>La tarde de este 17 de julio, la Polic\u00eda Nacional, el Servicio Nacional de Migraci\u00f3n, el Ministerio P\u00fablico y el Ministerio de Salud realizaron un allanamiento y registro en un edificio de la 5 de Mayo. La Operaci\u00f3n Luna 2, fue con la finalidad de contrarrestar posibles actividades delictivas como la trata de personas, y [&hellip;]<\/p>\n","protected":false},"author":3,"featured_media":12063,"comment_status":"open","ping_status":"open","sticky":false,"template":"","format":"standard","meta":{"footnotes":""},"categories":[36],"tags":[],"class_list":["post-12062","post","type-post","status-publish","format-standard","has-post-thumbnail","hentry","category-nacionales"],"_links":{"self":[{"href":"https:\/\/alminutonoticia.com\/noticias\/wp-json\/wp\/v2\/posts\/12062","targetHints":{"allow":["GET"]}}],"collection":[{"href":"https:\/\/alminutonoticia.com\/noticias\/wp-json\/wp\/v2\/posts"}],"about":[{"href":"https:\/\/alminutonoticia.com\/noticias\/wp-json\/wp\/v2\/types\/post"}],"author":[{"embeddable":true,"href":"https:\/\/alminutonoticia.com\/noticias\/wp-json\/wp\/v2\/users\/3"}],"replies":[{"embeddable":true,"href":"https:\/\/alminutonoticia.com\/noticias\/wp-json\/wp\/v2\/comments?post=12062"}],"version-history":[{"count":1,"href":"https:\/\/alminutonoticia.com\/noticias\/wp-json\/wp\/v2\/posts\/12062\/revisions"}],"predecessor-version":[{"id":12064,"href":"https:\/\/alminutonoticia.com\/noticias\/wp-json\/wp\/v2\/posts\/12062\/revisions\/12064"}],"wp:featuredmedia":[{"embeddable":true,"href":"https:\/\/alminutonoticia.com\/noticias\/wp-json\/wp\/v2\/media\/12063"}],"wp:attachment":[{"href":"https:\/\/alminutonoticia.com\/noticias\/wp-json\/wp\/v2\/media?parent=12062"}],"wp:term":[{"taxonomy":"category","embeddable":true,"href":"https:\/\/alminutonoticia.com\/noticias\/wp-json\/wp\/v2\/categories?post=12062"},{"taxonomy":"post_tag","embeddable":true,"href":"https:\/\/alminutonoticia.com\/noticias\/wp-json\/wp\/v2\/tags?post=12062"}],"curies":[{"name":"wp","href":"https:\/\/api.w.org\/{rel}","templated":true}]}}