{"id":12055,"date":"2024-07-18T01:18:46","date_gmt":"2024-07-18T01:18:46","guid":{"rendered":"https:\/\/alminutonoticia.com\/noticias\/?p=12055"},"modified":"2024-07-18T01:18:47","modified_gmt":"2024-07-18T01:18:47","slug":"suntracs-se-reune-con-autoridades-podrian-reabrir-la-cuenta-en-el-banco-nacional","status":"publish","type":"post","link":"https:\/\/alminutonoticia.com\/noticias\/suntracs-se-reune-con-autoridades-podrian-reabrir-la-cuenta-en-el-banco-nacional\/","title":{"rendered":"Suntracs se re\u00fane con autoridades, podr\u00edan reabrir la cuenta en el Banco Nacional"},"content":{"rendered":"\n<p>Este 17 de julio el secretario del Sindicato \u00danico Nacional de Trabajadores de la Industria de la Construcci\u00f3n y Similares (Suntracs), Sa\u00fal M\u00e9ndez se reuni\u00f3 en la Presidencia de la Rep\u00fablica con los ministros Jackeline Mu\u00f1oz de Mitradel, Frank \u00c1brego de Seguridad P\u00fablica y Juan Carlos Orillac de Presidencia, para abordar el tema de las cuentas bancarias del sindicato las cuales est\u00e1n cerradas desde el pasado noviembre.<\/p>\n\n\n\n<p>M\u00e9ndez, luego de ese encuentro, detall\u00f3 que existe la posibilidad de que se reabra la cuenta que tienen en el Banco Nacional.<\/p>\n\n\n\n<p>\u00abLo seguro es que se abran las cuentas en el Banco Nacional, ah\u00ed tenemos una cuenta, pero realmente no recib\u00eda dep\u00f3sitos, pero todo esto, obviamente, tendr\u00e1 que tomar la \u00faltima decisi\u00f3n, ya planteada, la Junta Directiva del Suntracs\u00bb.<\/p>\n\n\n\n<p>M\u00e9ndez se encuentra reunido con la Junta Directiva para tomar decisiones.<\/p>\n\n\n\n<p>Por el momento, el gobierno nacional no ha emitido un comunicado.<\/p>\n\n\n\n<figure class=\"wp-block-image size-full\"><a href=\"https:\/\/alminutonoticia.com\/noticias\/wp-content\/uploads\/2024\/07\/mendeci.jpeg\"><img fetchpriority=\"high\" decoding=\"async\" width=\"770\" height=\"470\" src=\"https:\/\/alminutonoticia.com\/noticias\/wp-content\/uploads\/2024\/07\/mendeci.jpeg\" alt=\"\" class=\"wp-image-12057\" title=\"\" srcset=\"https:\/\/alminutonoticia.com\/noticias\/wp-content\/uploads\/2024\/07\/mendeci.jpeg 770w, https:\/\/alminutonoticia.com\/noticias\/wp-content\/uploads\/2024\/07\/mendeci-300x183.jpeg 300w, https:\/\/alminutonoticia.com\/noticias\/wp-content\/uploads\/2024\/07\/mendeci-768x469.jpeg 768w\" sizes=\"(max-width: 770px) 100vw, 770px\" \/><\/a><\/figure>\n","protected":false},"excerpt":{"rendered":"<p>Este 17 de julio el secretario del Sindicato \u00danico Nacional de Trabajadores de la Industria de la Construcci\u00f3n y Similares (Suntracs), Sa\u00fal M\u00e9ndez se reuni\u00f3 en la Presidencia de la Rep\u00fablica con los ministros Jackeline Mu\u00f1oz de Mitradel, Frank \u00c1brego de Seguridad P\u00fablica y Juan Carlos Orillac de Presidencia, para abordar el tema de las [&hellip;]<\/p>\n","protected":false},"author":3,"featured_media":12057,"comment_status":"open","ping_status":"open","sticky":false,"template":"","format":"standard","meta":{"footnotes":""},"categories":[36],"tags":[],"class_list":["post-12055","post","type-post","status-publish","format-standard","has-post-thumbnail","hentry","category-nacionales"],"_links":{"self":[{"href":"https:\/\/alminutonoticia.com\/noticias\/wp-json\/wp\/v2\/posts\/12055","targetHints":{"allow":["GET"]}}],"collection":[{"href":"https:\/\/alminutonoticia.com\/noticias\/wp-json\/wp\/v2\/posts"}],"about":[{"href":"https:\/\/alminutonoticia.com\/noticias\/wp-json\/wp\/v2\/types\/post"}],"author":[{"embeddable":true,"href":"https:\/\/alminutonoticia.com\/noticias\/wp-json\/wp\/v2\/users\/3"}],"replies":[{"embeddable":true,"href":"https:\/\/alminutonoticia.com\/noticias\/wp-json\/wp\/v2\/comments?post=12055"}],"version-history":[{"count":1,"href":"https:\/\/alminutonoticia.com\/noticias\/wp-json\/wp\/v2\/posts\/12055\/revisions"}],"predecessor-version":[{"id":12058,"href":"https:\/\/alminutonoticia.com\/noticias\/wp-json\/wp\/v2\/posts\/12055\/revisions\/12058"}],"wp:featuredmedia":[{"embeddable":true,"href":"https:\/\/alminutonoticia.com\/noticias\/wp-json\/wp\/v2\/media\/12057"}],"wp:attachment":[{"href":"https:\/\/alminutonoticia.com\/noticias\/wp-json\/wp\/v2\/media?parent=12055"}],"wp:term":[{"taxonomy":"category","embeddable":true,"href":"https:\/\/alminutonoticia.com\/noticias\/wp-json\/wp\/v2\/categories?post=12055"},{"taxonomy":"post_tag","embeddable":true,"href":"https:\/\/alminutonoticia.com\/noticias\/wp-json\/wp\/v2\/tags?post=12055"}],"curies":[{"name":"wp","href":"https:\/\/api.w.org\/{rel}","templated":true}]}}