{"id":12046,"date":"2024-07-18T01:13:32","date_gmt":"2024-07-18T01:13:32","guid":{"rendered":"https:\/\/alminutonoticia.com\/noticias\/?p=12046"},"modified":"2024-07-18T01:13:34","modified_gmt":"2024-07-18T01:13:34","slug":"verifican-primeros-casos-de-conmutacion-de-pena-en-el-centro-femenino-de-rehabilitacion","status":"publish","type":"post","link":"https:\/\/alminutonoticia.com\/noticias\/verifican-primeros-casos-de-conmutacion-de-pena-en-el-centro-femenino-de-rehabilitacion\/","title":{"rendered":"Verifican primeros casos de conmutaci\u00f3n de pena en el Centro Femenino de Rehabilitaci\u00f3n"},"content":{"rendered":"\n<p>Se revisan los primeros 17 casos de privadas de libertad del Centro Femenino de Rehabilitaci\u00f3n Cecilia Orillac de Chiari (Cefere), para determinar si con el c\u00f3mputo de pena cumplen con el tiempo de condena y puedan obtener su libertad y reducir el hacinamiento en la instalaci\u00f3n penitenciaria.<\/p>\n\n\n\n<p>El secretario General del Ministerio de Gobierno, \u00c1ngel Calder\u00f3n, encabez\u00f3 una delegaci\u00f3n junto a un equipo de la Direcci\u00f3n General del Sistema Penitenciario en el Cefere, dando fiel cumplimiento a lo expresado por la primera Dama de la Rep\u00fablica, Maricel Cohen de Mulino, la ministra de Gobierno Dinoska Montalvo y la directora General del Sistema Penitenciario, Mariela Jim\u00e9nez en un recorrido la semana pasada, que iniciar\u00edan las respectivas verificaciones.<\/p>\n\n\n\n<p>Esta din\u00e1mica se realizar\u00e1 en todos los centros penitenciarios del pa\u00eds, a fin de agilizar los tr\u00e1mites judiciales, en respeto a las personas privadas de libertad que han dicho que s\u00ed a la resocializaci\u00f3n y participan en los programas de estudio, capacitaci\u00f3n o laborales y para aquellas que no cuenten con abogado, se coordinar\u00e1 con la Defensa P\u00fablica.<\/p>\n\n\n\n<p>En esta l\u00ednea, la directora Jim\u00e9nez ya tuvo una reuni\u00f3n con los jueces de cumplimiento y se efect\u00faan los enlaces para reunirse con el Ministerio P\u00fablico.<\/p>\n\n\n\n<p>De igual forma, se realiz\u00f3 un recorrido por los dormitorios de las custodias penitenciarias, en la b\u00fasqueda de espacios para que las mismas tengan un lugar digno donde pernoctar.<\/p>\n\n\n\n<figure class=\"wp-block-image size-full\"><a href=\"https:\/\/alminutonoticia.com\/noticias\/wp-content\/uploads\/2024\/07\/ceferes-770x470-1.jpeg\"><img fetchpriority=\"high\" decoding=\"async\" width=\"770\" height=\"470\" src=\"https:\/\/alminutonoticia.com\/noticias\/wp-content\/uploads\/2024\/07\/ceferes-770x470-1.jpeg\" alt=\"\" class=\"wp-image-12047\" title=\"\" srcset=\"https:\/\/alminutonoticia.com\/noticias\/wp-content\/uploads\/2024\/07\/ceferes-770x470-1.jpeg 770w, https:\/\/alminutonoticia.com\/noticias\/wp-content\/uploads\/2024\/07\/ceferes-770x470-1-300x183.jpeg 300w, https:\/\/alminutonoticia.com\/noticias\/wp-content\/uploads\/2024\/07\/ceferes-770x470-1-768x469.jpeg 768w\" sizes=\"(max-width: 770px) 100vw, 770px\" \/><\/a><\/figure>\n","protected":false},"excerpt":{"rendered":"<p>Se revisan los primeros 17 casos de privadas de libertad del Centro Femenino de Rehabilitaci\u00f3n Cecilia Orillac de Chiari (Cefere), para determinar si con el c\u00f3mputo de pena cumplen con el tiempo de condena y puedan obtener su libertad y reducir el hacinamiento en la instalaci\u00f3n penitenciaria. El secretario General del Ministerio de Gobierno, \u00c1ngel [&hellip;]<\/p>\n","protected":false},"author":3,"featured_media":12047,"comment_status":"open","ping_status":"open","sticky":false,"template":"","format":"standard","meta":{"footnotes":""},"categories":[36],"tags":[],"class_list":["post-12046","post","type-post","status-publish","format-standard","has-post-thumbnail","hentry","category-nacionales"],"_links":{"self":[{"href":"https:\/\/alminutonoticia.com\/noticias\/wp-json\/wp\/v2\/posts\/12046","targetHints":{"allow":["GET"]}}],"collection":[{"href":"https:\/\/alminutonoticia.com\/noticias\/wp-json\/wp\/v2\/posts"}],"about":[{"href":"https:\/\/alminutonoticia.com\/noticias\/wp-json\/wp\/v2\/types\/post"}],"author":[{"embeddable":true,"href":"https:\/\/alminutonoticia.com\/noticias\/wp-json\/wp\/v2\/users\/3"}],"replies":[{"embeddable":true,"href":"https:\/\/alminutonoticia.com\/noticias\/wp-json\/wp\/v2\/comments?post=12046"}],"version-history":[{"count":1,"href":"https:\/\/alminutonoticia.com\/noticias\/wp-json\/wp\/v2\/posts\/12046\/revisions"}],"predecessor-version":[{"id":12048,"href":"https:\/\/alminutonoticia.com\/noticias\/wp-json\/wp\/v2\/posts\/12046\/revisions\/12048"}],"wp:featuredmedia":[{"embeddable":true,"href":"https:\/\/alminutonoticia.com\/noticias\/wp-json\/wp\/v2\/media\/12047"}],"wp:attachment":[{"href":"https:\/\/alminutonoticia.com\/noticias\/wp-json\/wp\/v2\/media?parent=12046"}],"wp:term":[{"taxonomy":"category","embeddable":true,"href":"https:\/\/alminutonoticia.com\/noticias\/wp-json\/wp\/v2\/categories?post=12046"},{"taxonomy":"post_tag","embeddable":true,"href":"https:\/\/alminutonoticia.com\/noticias\/wp-json\/wp\/v2\/tags?post=12046"}],"curies":[{"name":"wp","href":"https:\/\/api.w.org\/{rel}","templated":true}]}}