{"id":12008,"date":"2024-07-17T01:29:37","date_gmt":"2024-07-17T01:29:37","guid":{"rendered":"https:\/\/alminutonoticia.com\/noticias\/?p=12008"},"modified":"2024-07-17T01:29:39","modified_gmt":"2024-07-17T01:29:39","slug":"conforman-14-comisiones-permanentes-de-trabajo-producto-de-las-nominas-de-consenso","status":"publish","type":"post","link":"https:\/\/alminutonoticia.com\/noticias\/conforman-14-comisiones-permanentes-de-trabajo-producto-de-las-nominas-de-consenso\/","title":{"rendered":"Conforman 14 comisiones permanentes de trabajo producto de las n\u00f3minas de consenso"},"content":{"rendered":"\n<p>La nueva Asamblea se prepara para entrar de lleno a su labor esencial de construir debates al conformarse, por las n\u00f3minas de consensos, 14 de las 15 Comisiones Permanentes, que integran este primer \u00f3rgano del Estado. La Comisi\u00f3n de Presupuesto es la que est\u00e1 pendiente.<\/p>\n\n\n\n<p>Este consenso llega luego de enfrentamientos por parte de la bancada independiente, Moca y los diputados del Partido Revolucionario PRD, quienes ayer protagonizaron dimes y diretes.<\/p>\n\n\n\n<p>Tras sus miembros llegar a un consenso en el 99%, los diputados de la nueva Asamblea se ajustaron al art\u00edculo 42 del Reglamento Interno de garantizar la representaci\u00f3n proporcional de la minor\u00eda.<\/p>\n\n\n\n<p>Una vez conformada las 15 comisiones, la Asamblea Nacional iniciar\u00e1 el proceso de juramentaci\u00f3n e instalaci\u00f3n de las distintas instancias parlamentarias, y empezar, as\u00ed, el an\u00e1lisis y los debates de los 31 anteproyectos presentados y otros referentes a la Ley Legislativa.<\/p>\n\n\n\n<p>Estas deber\u00e1n coadyuvar a una buena gobernanza con la aprobaci\u00f3n de los proyectos de leyes y los nombramientos requeridos, tal como lo disponen sus funciones legislativas.<\/p>\n\n\n\n<figure class=\"wp-block-image size-full\"><a href=\"https:\/\/alminutonoticia.com\/noticias\/wp-content\/uploads\/2024\/07\/publicacion_338_3-770x470-1.jpeg\"><img fetchpriority=\"high\" decoding=\"async\" width=\"770\" height=\"470\" src=\"https:\/\/alminutonoticia.com\/noticias\/wp-content\/uploads\/2024\/07\/publicacion_338_3-770x470-1.jpeg\" alt=\"\" class=\"wp-image-12009\" title=\"\" srcset=\"https:\/\/alminutonoticia.com\/noticias\/wp-content\/uploads\/2024\/07\/publicacion_338_3-770x470-1.jpeg 770w, https:\/\/alminutonoticia.com\/noticias\/wp-content\/uploads\/2024\/07\/publicacion_338_3-770x470-1-300x183.jpeg 300w, https:\/\/alminutonoticia.com\/noticias\/wp-content\/uploads\/2024\/07\/publicacion_338_3-770x470-1-768x469.jpeg 768w\" sizes=\"(max-width: 770px) 100vw, 770px\" \/><\/a><\/figure>\n\n\n\n<p><strong>As\u00ed quedaron conformadas las comisiones<\/strong><\/p>\n\n\n\n<p><strong>Comisi\u00f3n de Credenciales, Reglamento, \u00c9tica Parlamentaria y Asuntos Judiciales<\/strong><\/p>\n\n\n\n<ul class=\"wp-block-list\">\n<li>Luis Duke<\/li>\n\n\n\n<li>Alexandra Brenes<\/li>\n\n\n\n<li>Janine Prado<\/li>\n\n\n\n<li>Jairo Salazar<\/li>\n\n\n\n<li>Benicio Robinson<\/li>\n\n\n\n<li>Yessica Romero<\/li>\n\n\n\n<li>Shirley Casta\u00f1eda<\/li>\n\n\n\n<li>Nelson Jackson<\/li>\n\n\n\n<li>Edwin Vergara<\/li>\n<\/ul>\n\n\n\n<p><strong>Comisi\u00f3n de Relaciones Exteriores<\/strong><\/p>\n\n\n\n<ul class=\"wp-block-list\">\n<li>Augusto Palacios<\/li>\n\n\n\n<li>Nelson Jackson Palma<\/li>\n\n\n\n<li>Jos\u00e9 Luis Varela<\/li>\n\n\n\n<li>Walkiria Chandler<\/li>\n\n\n\n<li>Janine Prado<\/li>\n\n\n\n<li>Eduardo V\u00e1squez<\/li>\n\n\n\n<li>Jony Guevara<\/li>\n\n\n\n<li>Benicio Robinson<\/li>\n\n\n\n<li>Raphael Buchanan<\/li>\n<\/ul>\n\n\n\n<p><strong>Comisi\u00f3n de Trabajo, Salud y Desarrollo Social<\/strong><\/p>\n\n\n\n<ul class=\"wp-block-list\">\n<li>Ronald De Gracia<\/li>\n\n\n\n<li>Ala\u00edn Cede\u00f1o<\/li>\n\n\n\n<li>Crispiano Adames<\/li>\n\n\n\n<li>Flor Brenes<\/li>\n\n\n\n<li>Yarelis Rodr\u00edguez<\/li>\n\n\n\n<li>Manuel Cheng<\/li>\n\n\n\n<li>Miguel Campos<\/li>\n\n\n\n<li>Carlos Af\u00fa<\/li>\n\n\n\n<li>Edwin Vergara<\/li>\n<\/ul>\n\n\n\n<p><strong>Comisi\u00f3n de Poblaci\u00f3n, Ambiente y Desarrollo<\/strong><\/p>\n\n\n\n<ul class=\"wp-block-list\">\n<li>Yuzaida Mar\u00edn<\/li>\n\n\n\n<li>Yamireliz Chong<\/li>\n\n\n\n<li>Walkiria Chandler<\/li>\n\n\n\n<li>Javier Sucre<\/li>\n\n\n\n<li>Marcos Castillero<\/li>\n\n\n\n<li>Didiano Pinilla<\/li>\n\n\n\n<li>Jony Guevara<\/li>\n\n\n\n<li>Lenin Ulate<\/li>\n\n\n\n<li>Roberto Archibold<\/li>\n<\/ul>\n\n\n\n<p><strong>Comisi\u00f3n de Asuntos Agropecuarios<\/strong><\/p>\n\n\n\n<ul class=\"wp-block-list\">\n<li>Carlos Salda\u00f1a<\/li>\n\n\n\n<li>Manuel Samaniego<\/li>\n\n\n\n<li>Eli\u00e9cer Castrell\u00f3n<\/li>\n\n\n\n<li>Marcos Castillero<\/li>\n\n\n\n<li>Ricardo Vigil<\/li>\n\n\n\n<li>Carlos Af\u00fa<\/li>\n\n\n\n<li>Tom\u00e1s Benavides<\/li>\n\n\n\n<li>Lilia Batista<\/li>\n\n\n\n<li>Patsy Lee<\/li>\n<\/ul>\n\n\n\n<p><strong>Comisi\u00f3n de Comunicaci\u00f3n y Transporte<\/strong><\/p>\n\n\n\n<ul class=\"wp-block-list\">\n<li>Neftal\u00ed Zamora<\/li>\n\n\n\n<li>Javier Sucre<\/li>\n\n\n\n<li>Raphael Buchanan<\/li>\n\n\n\n<li>Jorge Gonz\u00e1lez<\/li>\n\n\n\n<li>Yarelis Rodr\u00edguez<\/li>\n\n\n\n<li>Rogelio Revello<\/li>\n\n\n\n<li>Tom\u00e1s Benavides<\/li>\n\n\n\n<li>Orlando Carrasquilla<\/li>\n\n\n\n<li>Medin Jim\u00e9nez<\/li>\n<\/ul>\n\n\n\n<p><strong>Comisi\u00f3n de Educaci\u00f3n, Cultura y Deportes<\/strong><\/p>\n\n\n\n<ul class=\"wp-block-list\">\n<li>Lilia Batista<\/li>\n\n\n\n<li>Yuzaida Mar\u00edn<\/li>\n\n\n\n<li>Isaac Mosquera<\/li>\n\n\n\n<li>Jorge Bloise<\/li>\n\n\n\n<li>Paulette Thomas<\/li>\n\n\n\n<li>Miguel \u00c1ngel Campos<\/li>\n\n\n\n<li>Nixon Andrade<\/li>\n\n\n\n<li>Gertrudis Rodr\u00edguez<\/li>\n\n\n\n<li>Ariana Coba<\/li>\n<\/ul>\n\n\n\n<p><strong>Comisi\u00f3n de Asuntos Ind\u00edgenas<\/strong><\/p>\n\n\n\n<ul class=\"wp-block-list\">\n<li>Ernesto Cede\u00f1o<\/li>\n\n\n\n<li>Osm\u00e1n G\u00f3mez<\/li>\n\n\n\n<li>V\u00edctor Castillo<\/li>\n\n\n\n<li>Roberto Archibold<\/li>\n\n\n\n<li>Lenin Ulate<\/li>\n\n\n\n<li>Jamis Acosta<\/li>\n\n\n\n<li>Tom\u00e1s Benavides<\/li>\n\n\n\n<li>Jaime Vargas<\/li>\n\n\n\n<li>Gertrudis Rodr\u00edguez<\/li>\n<\/ul>\n\n\n\n<p><strong>Comisi\u00f3n de la Mujer, la Ni\u00f1ez, la Juventud y la Familia<\/strong><\/p>\n\n\n\n<ul class=\"wp-block-list\">\n<li>Yessica Romero<\/li>\n\n\n\n<li>Dana Casta\u00f1eda<\/li>\n\n\n\n<li>Alexandra Brenes<\/li>\n\n\n\n<li>Flor Brenes<\/li>\n\n\n\n<li>Grace Hern\u00e1ndez<\/li>\n\n\n\n<li>Ariana Coba<\/li>\n\n\n\n<li>Patsy Lee<\/li>\n\n\n\n<li>Paulette Thomas<\/li>\n\n\n\n<li>Yuzaida Mar\u00edn<\/li>\n<\/ul>\n\n\n\n<p><strong>Comisi\u00f3n de Comercio y Asuntos Econ\u00f3micos<\/strong><\/p>\n\n\n\n<ul class=\"wp-block-list\">\n<li>Rogelio Revello<\/li>\n\n\n\n<li>Eli\u00e9cer Castrell\u00f3n<\/li>\n\n\n\n<li>Manuel Samaniego<\/li>\n\n\n\n<li>Yamireliz Chong<\/li>\n\n\n\n<li>Carlos Salda\u00f1a<\/li>\n\n\n\n<li>Julio De La Guardia<\/li>\n\n\n\n<li>Ariana Coba<\/li>\n\n\n\n<li>N\u00e9stor Guardia<\/li>\n\n\n\n<li>Ra\u00fal Pineda<\/li>\n<\/ul>\n\n\n\n<p><strong>Comisi\u00f3n de Econom\u00eda y Finanzas<\/strong><\/p>\n\n\n\n<ul class=\"wp-block-list\">\n<li>Ronald De Gracia<\/li>\n\n\n\n<li>V\u00edctor Castillo<\/li>\n\n\n\n<li>Arquesio Arias<\/li>\n\n\n\n<li>Benicio Robinson<\/li>\n\n\n\n<li>Eduardo Gait\u00e1n<\/li>\n\n\n\n<li>Jorge Bloise<\/li>\n\n\n\n<li>Manuel Cohen<\/li>\n\n\n\n<li>Francisco Brea<\/li>\n\n\n\n<li>Patsy Lee<\/li>\n<\/ul>\n\n\n\n<p><strong>Comisi\u00f3n de Gobierno, Justicia y Asuntos Constitucionales<\/strong><\/p>\n\n\n\n<ul class=\"wp-block-list\">\n<li>Luis Eduardo Camacho<\/li>\n\n\n\n<li>Ariel Vallarino<\/li>\n\n\n\n<li>Roberto Z\u00fa\u00f1iga<\/li>\n\n\n\n<li>Manuel Cheng<\/li>\n\n\n\n<li>Jos\u00e9 P\u00e9rez Barboni<\/li>\n\n\n\n<li>Orlando Carrasquilla<\/li>\n\n\n\n<li>Francisco Brea<\/li>\n\n\n\n<li>Crispiano Adames<\/li>\n\n\n\n<li>Ra\u00fal Pineda<\/li>\n<\/ul>\n\n\n\n<p><strong>Comisi\u00f3n de Asuntos Municipales<\/strong><\/p>\n\n\n\n<ul class=\"wp-block-list\">\n<li>Ala\u00edn Cede\u00f1o<\/li>\n\n\n\n<li>Sergio G\u00e1lvez<\/li>\n\n\n\n<li>Jorge Herrera<\/li>\n\n\n\n<li>Jairo Salazar<\/li>\n\n\n\n<li>Betserai Richards<\/li>\n\n\n\n<li>Luis Duke<\/li>\n\n\n\n<li>Didiano Pinilla<\/li>\n\n\n\n<li>Neftal\u00ed Zamora<\/li>\n\n\n\n<li>Ernesto Cede\u00f1o<\/li>\n<\/ul>\n\n\n\n<p><strong>Comisi\u00f3n de Infraestructura P\u00fablica y Asuntos del Canal<\/strong><\/p>\n\n\n\n<ul class=\"wp-block-list\">\n<li>Jamis Acosta<\/li>\n\n\n\n<li>Ala\u00edn Cede\u00f1o<\/li>\n\n\n\n<li>Ricardo Vigil<\/li>\n\n\n\n<li>Eduardo Gait\u00e1n<\/li>\n\n\n\n<li>Jhonathan Vega<\/li>\n\n\n\n<li>Grace Hern\u00e1ndez<\/li>\n\n\n\n<li>Arquesio Arias<\/li>\n\n\n\n<li>Osm\u00e1n G\u00f3mez<\/li>\n\n\n\n<li>Eduardo V\u00e1squez.<\/li>\n<\/ul>\n","protected":false},"excerpt":{"rendered":"<p>La nueva Asamblea se prepara para entrar de lleno a su labor esencial de construir debates al conformarse, por las n\u00f3minas de consensos, 14 de las 15 Comisiones Permanentes, que integran este primer \u00f3rgano del Estado. La Comisi\u00f3n de Presupuesto es la que est\u00e1 pendiente. Este consenso llega luego de enfrentamientos por parte de la [&hellip;]<\/p>\n","protected":false},"author":3,"featured_media":12009,"comment_status":"open","ping_status":"open","sticky":false,"template":"","format":"standard","meta":{"footnotes":""},"categories":[37,36],"tags":[],"class_list":["post-12008","post","type-post","status-publish","format-standard","has-post-thumbnail","hentry","category-politica","category-nacionales"],"_links":{"self":[{"href":"https:\/\/alminutonoticia.com\/noticias\/wp-json\/wp\/v2\/posts\/12008","targetHints":{"allow":["GET"]}}],"collection":[{"href":"https:\/\/alminutonoticia.com\/noticias\/wp-json\/wp\/v2\/posts"}],"about":[{"href":"https:\/\/alminutonoticia.com\/noticias\/wp-json\/wp\/v2\/types\/post"}],"author":[{"embeddable":true,"href":"https:\/\/alminutonoticia.com\/noticias\/wp-json\/wp\/v2\/users\/3"}],"replies":[{"embeddable":true,"href":"https:\/\/alminutonoticia.com\/noticias\/wp-json\/wp\/v2\/comments?post=12008"}],"version-history":[{"count":1,"href":"https:\/\/alminutonoticia.com\/noticias\/wp-json\/wp\/v2\/posts\/12008\/revisions"}],"predecessor-version":[{"id":12010,"href":"https:\/\/alminutonoticia.com\/noticias\/wp-json\/wp\/v2\/posts\/12008\/revisions\/12010"}],"wp:featuredmedia":[{"embeddable":true,"href":"https:\/\/alminutonoticia.com\/noticias\/wp-json\/wp\/v2\/media\/12009"}],"wp:attachment":[{"href":"https:\/\/alminutonoticia.com\/noticias\/wp-json\/wp\/v2\/media?parent=12008"}],"wp:term":[{"taxonomy":"category","embeddable":true,"href":"https:\/\/alminutonoticia.com\/noticias\/wp-json\/wp\/v2\/categories?post=12008"},{"taxonomy":"post_tag","embeddable":true,"href":"https:\/\/alminutonoticia.com\/noticias\/wp-json\/wp\/v2\/tags?post=12008"}],"curies":[{"name":"wp","href":"https:\/\/api.w.org\/{rel}","templated":true}]}}