{"id":11996,"date":"2024-07-17T01:20:39","date_gmt":"2024-07-17T01:20:39","guid":{"rendered":"https:\/\/alminutonoticia.com\/noticias\/?p=11996"},"modified":"2024-07-17T01:20:41","modified_gmt":"2024-07-17T01:20:41","slug":"entidades-del-sector-publico-sustentan-vistas-presupuestarias-ante-el-mef","status":"publish","type":"post","link":"https:\/\/alminutonoticia.com\/noticias\/entidades-del-sector-publico-sustentan-vistas-presupuestarias-ante-el-mef\/","title":{"rendered":"Entidades del sector p\u00fablico sustentan vistas presupuestarias ante el MEF"},"content":{"rendered":"\n<p>El Ministerio de Econom\u00eda y Finanzas, (MEF), ha establecido un calendario de consultas presupuestarias para la vigencia fiscal 2025, el cual dio inicio el pasado lunes. En esta jornada inaugural, diversas entidades del sector p\u00fablico se hicieron presente &nbsp;para exponer sus necesidades y proyectos ante las autoridades pertinentes.<\/p>\n\n\n\n<p>Entre las entidades participantes se encuentran el Ministerio de Gobierno, la Direcci\u00f3n General de Contrataciones P\u00fablicas, la Autoridad de Pasaporte de Panam\u00e1, la Autoridad Nacional de Transparencia y Acceso a la Informaci\u00f3n, la Autoridad de Aseo Urbano y Domiciliario, la Procuradur\u00eda General de la Naci\u00f3n, el Tribunal Administrativo de Contrataciones P\u00fablicas y la Autoridad de Aeron\u00e1utica Civil.<\/p>\n\n\n\n<p>Este ciclo de vistas presupuestarias se extender\u00e1 del 15 al 26 de julio del presente a\u00f1o. Durante este per\u00edodo, las instituciones participantes tendr\u00e1n la oportunidad de presentar y sustentar sus necesidades, programas y proyectos destinados a la vigencia fiscal 2025.<\/p>\n\n\n\n<figure class=\"wp-block-image size-full\"><a href=\"https:\/\/alminutonoticia.com\/noticias\/wp-content\/uploads\/2024\/07\/imagens-770x470-1.jpg\"><img fetchpriority=\"high\" decoding=\"async\" width=\"770\" height=\"470\" src=\"https:\/\/alminutonoticia.com\/noticias\/wp-content\/uploads\/2024\/07\/imagens-770x470-1.jpg\" alt=\"\" class=\"wp-image-11997\" title=\"\" srcset=\"https:\/\/alminutonoticia.com\/noticias\/wp-content\/uploads\/2024\/07\/imagens-770x470-1.jpg 770w, https:\/\/alminutonoticia.com\/noticias\/wp-content\/uploads\/2024\/07\/imagens-770x470-1-300x183.jpg 300w, https:\/\/alminutonoticia.com\/noticias\/wp-content\/uploads\/2024\/07\/imagens-770x470-1-768x469.jpg 768w\" sizes=\"(max-width: 770px) 100vw, 770px\" \/><\/a><\/figure>\n","protected":false},"excerpt":{"rendered":"<p>El Ministerio de Econom\u00eda y Finanzas, (MEF), ha establecido un calendario de consultas presupuestarias para la vigencia fiscal 2025, el cual dio inicio el pasado lunes. En esta jornada inaugural, diversas entidades del sector p\u00fablico se hicieron presente &nbsp;para exponer sus necesidades y proyectos ante las autoridades pertinentes. Entre las entidades participantes se encuentran el [&hellip;]<\/p>\n","protected":false},"author":3,"featured_media":11997,"comment_status":"open","ping_status":"open","sticky":false,"template":"","format":"standard","meta":{"footnotes":""},"categories":[36],"tags":[],"class_list":["post-11996","post","type-post","status-publish","format-standard","has-post-thumbnail","hentry","category-nacionales"],"_links":{"self":[{"href":"https:\/\/alminutonoticia.com\/noticias\/wp-json\/wp\/v2\/posts\/11996","targetHints":{"allow":["GET"]}}],"collection":[{"href":"https:\/\/alminutonoticia.com\/noticias\/wp-json\/wp\/v2\/posts"}],"about":[{"href":"https:\/\/alminutonoticia.com\/noticias\/wp-json\/wp\/v2\/types\/post"}],"author":[{"embeddable":true,"href":"https:\/\/alminutonoticia.com\/noticias\/wp-json\/wp\/v2\/users\/3"}],"replies":[{"embeddable":true,"href":"https:\/\/alminutonoticia.com\/noticias\/wp-json\/wp\/v2\/comments?post=11996"}],"version-history":[{"count":1,"href":"https:\/\/alminutonoticia.com\/noticias\/wp-json\/wp\/v2\/posts\/11996\/revisions"}],"predecessor-version":[{"id":11998,"href":"https:\/\/alminutonoticia.com\/noticias\/wp-json\/wp\/v2\/posts\/11996\/revisions\/11998"}],"wp:featuredmedia":[{"embeddable":true,"href":"https:\/\/alminutonoticia.com\/noticias\/wp-json\/wp\/v2\/media\/11997"}],"wp:attachment":[{"href":"https:\/\/alminutonoticia.com\/noticias\/wp-json\/wp\/v2\/media?parent=11996"}],"wp:term":[{"taxonomy":"category","embeddable":true,"href":"https:\/\/alminutonoticia.com\/noticias\/wp-json\/wp\/v2\/categories?post=11996"},{"taxonomy":"post_tag","embeddable":true,"href":"https:\/\/alminutonoticia.com\/noticias\/wp-json\/wp\/v2\/tags?post=11996"}],"curies":[{"name":"wp","href":"https:\/\/api.w.org\/{rel}","templated":true}]}}