{"id":11980,"date":"2024-07-16T10:18:15","date_gmt":"2024-07-16T10:18:15","guid":{"rendered":"https:\/\/alminutonoticia.com\/noticias\/?p=11980"},"modified":"2024-07-16T10:18:17","modified_gmt":"2024-07-16T10:18:17","slug":"eloy-alfaro-toma-posesion-como-embajador-ante-la-onu-y-ana-delgado-en-la-oea","status":"publish","type":"post","link":"https:\/\/alminutonoticia.com\/noticias\/eloy-alfaro-toma-posesion-como-embajador-ante-la-onu-y-ana-delgado-en-la-oea\/","title":{"rendered":"Eloy Alfaro toma posesi\u00f3n como embajador ante la ONU y Ana Delgado en la OEA"},"content":{"rendered":"\n<p>Los embajadores ante la Organizaci\u00f3n de Naciones Unidas (ONU) y la Organizaci\u00f3n de Estados Americanos (OEA), designados por el presidente de la Rep\u00fablica, Jos\u00e9 Ra\u00fal Mulino, tomaron posesi\u00f3n ante el ministro encargado de Relaciones Exteriores, Carlos Guevara Mann.<\/p>\n\n\n\n<p>Ante la ONU tomaron posesi\u00f3n Eloy Alfaro de Alba como representante permanente y Ricardo Moscoso, como representante permanente adjunto, ambos can el rango de embajador. Mientras que, ante la OEA, tom\u00f3 posesi\u00f3n Ana Irene Delgado, como representante permanente, con el rango de embajadora.<\/p>\n\n\n\n<p>Alfaro cuenta con una licenciatura en letras (Bachelor of Arts) del Columbia College de la Universidad de Columbia, en Nueva York, Estados Unidos. Tambi\u00e9n obtuvo un doctorado en Derecho en la facultad de Derecho de la Universidad de Columbia y una maestr\u00eda en Administraci\u00f3n de Empresas en la facultad de Administraci\u00f3n de esta misma universidad en la ciudad de Nueva York en Estados Unidos.<\/p>\n\n\n\n<p>Actualmente, Alfaro es socio de la firma de abogados Tapia, Linares y Alfaro y profesionalmente se ha desempe\u00f1ado como presidente de la Asociaci\u00f3n de Derecho Bancario de Panam\u00e1, fundador de la Asociaci\u00f3n de Abogados Internacionales, miembro de la directiva del Instituto de Derecho Mar\u00edtimo de Panam\u00e1, expresidente del Instituto Paname\u00f1o de Arte, y miembro del consejo editorial del diario La Prensa.<\/p>\n\n\n\n<p>Fue miembro de la comisi\u00f3n presidencial para la transici\u00f3n del Canal , miembro del Consejo Nacional de Relaciones Exteriores, embajador de Panam\u00e1 en Washington D.C., miembro del Consejo de la Fundaci\u00f3n Publicando Historia que controla el 51% del grupo editorial La Estrella de Panam\u00e1 y El Siglo, entre otros cargos.<\/p>\n\n\n\n<p>En tanto, Ana Irene Delgado cuenta con una licenciatura en Relaciones Internacionales con especializaci\u00f3n en econom\u00eda en la Florida State University y otra en Derecho y Ciencias Pol\u00edticas de la Universidad Cat\u00f3lica Santa Maria La Antigua con el grado de honor \u201cSumma cum laude\u201d. Adem\u00e1s, Delgado tiene una maestr\u00eda en derecho de la Universidad de Nueva York, Estados Unidos.<\/p>\n\n\n\n<p>Tambi\u00e9n destac\u00f3 como embajadora de Panam\u00e1 en el Reino Unido, vicepresidente de la Asamblea de la Organizaci\u00f3n Mar\u00edtima Internacional (OMI), exembajadora en Irlanda y presidente y organizadora del World Law Congress.\u00a0 \u00a0<\/p>\n\n\n\n<figure class=\"wp-block-image size-full\"><a href=\"https:\/\/alminutonoticia.com\/noticias\/wp-content\/uploads\/2024\/07\/alfarin-770x470-1.jpeg\"><img fetchpriority=\"high\" decoding=\"async\" width=\"770\" height=\"470\" src=\"https:\/\/alminutonoticia.com\/noticias\/wp-content\/uploads\/2024\/07\/alfarin-770x470-1.jpeg\" alt=\"\" class=\"wp-image-11981\" title=\"\" srcset=\"https:\/\/alminutonoticia.com\/noticias\/wp-content\/uploads\/2024\/07\/alfarin-770x470-1.jpeg 770w, https:\/\/alminutonoticia.com\/noticias\/wp-content\/uploads\/2024\/07\/alfarin-770x470-1-300x183.jpeg 300w, https:\/\/alminutonoticia.com\/noticias\/wp-content\/uploads\/2024\/07\/alfarin-770x470-1-768x469.jpeg 768w\" sizes=\"(max-width: 770px) 100vw, 770px\" \/><\/a><\/figure>\n","protected":false},"excerpt":{"rendered":"<p>Los embajadores ante la Organizaci\u00f3n de Naciones Unidas (ONU) y la Organizaci\u00f3n de Estados Americanos (OEA), designados por el presidente de la Rep\u00fablica, Jos\u00e9 Ra\u00fal Mulino, tomaron posesi\u00f3n ante el ministro encargado de Relaciones Exteriores, Carlos Guevara Mann. Ante la ONU tomaron posesi\u00f3n Eloy Alfaro de Alba como representante permanente y Ricardo Moscoso, como representante [&hellip;]<\/p>\n","protected":false},"author":3,"featured_media":11981,"comment_status":"open","ping_status":"open","sticky":false,"template":"","format":"standard","meta":{"footnotes":""},"categories":[36],"tags":[],"class_list":["post-11980","post","type-post","status-publish","format-standard","has-post-thumbnail","hentry","category-nacionales"],"_links":{"self":[{"href":"https:\/\/alminutonoticia.com\/noticias\/wp-json\/wp\/v2\/posts\/11980","targetHints":{"allow":["GET"]}}],"collection":[{"href":"https:\/\/alminutonoticia.com\/noticias\/wp-json\/wp\/v2\/posts"}],"about":[{"href":"https:\/\/alminutonoticia.com\/noticias\/wp-json\/wp\/v2\/types\/post"}],"author":[{"embeddable":true,"href":"https:\/\/alminutonoticia.com\/noticias\/wp-json\/wp\/v2\/users\/3"}],"replies":[{"embeddable":true,"href":"https:\/\/alminutonoticia.com\/noticias\/wp-json\/wp\/v2\/comments?post=11980"}],"version-history":[{"count":1,"href":"https:\/\/alminutonoticia.com\/noticias\/wp-json\/wp\/v2\/posts\/11980\/revisions"}],"predecessor-version":[{"id":11982,"href":"https:\/\/alminutonoticia.com\/noticias\/wp-json\/wp\/v2\/posts\/11980\/revisions\/11982"}],"wp:featuredmedia":[{"embeddable":true,"href":"https:\/\/alminutonoticia.com\/noticias\/wp-json\/wp\/v2\/media\/11981"}],"wp:attachment":[{"href":"https:\/\/alminutonoticia.com\/noticias\/wp-json\/wp\/v2\/media?parent=11980"}],"wp:term":[{"taxonomy":"category","embeddable":true,"href":"https:\/\/alminutonoticia.com\/noticias\/wp-json\/wp\/v2\/categories?post=11980"},{"taxonomy":"post_tag","embeddable":true,"href":"https:\/\/alminutonoticia.com\/noticias\/wp-json\/wp\/v2\/tags?post=11980"}],"curies":[{"name":"wp","href":"https:\/\/api.w.org\/{rel}","templated":true}]}}