{"id":11914,"date":"2024-07-15T10:30:07","date_gmt":"2024-07-15T10:30:07","guid":{"rendered":"https:\/\/alminutonoticia.com\/noticias\/?p=11914"},"modified":"2024-07-15T10:30:09","modified_gmt":"2024-07-15T10:30:09","slug":"unas-50-personas-requeridas-por-la-ley-fueron-aprehendidas-tras-la-operacion-kappa-ii","status":"publish","type":"post","link":"https:\/\/alminutonoticia.com\/noticias\/unas-50-personas-requeridas-por-la-ley-fueron-aprehendidas-tras-la-operacion-kappa-ii\/","title":{"rendered":"Unas 50 personas requeridas por la ley fueron aprehendidas tras la Operaci\u00f3n Kappa II"},"content":{"rendered":"\n<p>Tras la Operaci\u00f3n Kappa II, las unidades policiales aprehendieron a unas 50 personas solicitadas por las autoridades competentes, por su vinculaci\u00f3n en diversos delitos.<\/p>\n\n\n\n<p>Las movilizaciones de la Operaci\u00f3n Kappa II se realizaron en diferentes sectores de la Ciudad Capital y el interior de la Rep\u00fablica.<\/p>\n\n\n\n<p>Las investigaciones determinan que los oficios vigentes guardan relaci\u00f3n por los delitos Contra la Vida e Integridad Personal, Contra la Libertad e Integridad Sexual, Contra el Patrimonio Econ\u00f3mico, Contra la Seguridad Colectiva y Contra el Orden Jur\u00eddico Familiar y el Estado Civil, entre otros.<\/p>\n\n\n\n<p>Todos los aprehendidos as\u00ed como los indicios fueron puestos a disposici\u00f3n de las autoridades competentes para los tr\u00e1mites correspondientes.<\/p>\n\n\n\n<figure class=\"wp-block-image size-full\"><a href=\"https:\/\/alminutonoticia.com\/noticias\/wp-content\/uploads\/2024\/07\/cuartoo-770x470-1.jpeg\"><img fetchpriority=\"high\" decoding=\"async\" width=\"770\" height=\"470\" src=\"https:\/\/alminutonoticia.com\/noticias\/wp-content\/uploads\/2024\/07\/cuartoo-770x470-1.jpeg\" alt=\"\" class=\"wp-image-11915\" title=\"\" srcset=\"https:\/\/alminutonoticia.com\/noticias\/wp-content\/uploads\/2024\/07\/cuartoo-770x470-1.jpeg 770w, https:\/\/alminutonoticia.com\/noticias\/wp-content\/uploads\/2024\/07\/cuartoo-770x470-1-300x183.jpeg 300w, https:\/\/alminutonoticia.com\/noticias\/wp-content\/uploads\/2024\/07\/cuartoo-770x470-1-768x469.jpeg 768w\" sizes=\"(max-width: 770px) 100vw, 770px\" \/><\/a><\/figure>\n","protected":false},"excerpt":{"rendered":"<p>Tras la Operaci\u00f3n Kappa II, las unidades policiales aprehendieron a unas 50 personas solicitadas por las autoridades competentes, por su vinculaci\u00f3n en diversos delitos. Las movilizaciones de la Operaci\u00f3n Kappa II se realizaron en diferentes sectores de la Ciudad Capital y el interior de la Rep\u00fablica. Las investigaciones determinan que los oficios vigentes guardan relaci\u00f3n [&hellip;]<\/p>\n","protected":false},"author":3,"featured_media":11915,"comment_status":"open","ping_status":"open","sticky":false,"template":"","format":"standard","meta":{"footnotes":""},"categories":[36],"tags":[],"class_list":["post-11914","post","type-post","status-publish","format-standard","has-post-thumbnail","hentry","category-nacionales"],"_links":{"self":[{"href":"https:\/\/alminutonoticia.com\/noticias\/wp-json\/wp\/v2\/posts\/11914","targetHints":{"allow":["GET"]}}],"collection":[{"href":"https:\/\/alminutonoticia.com\/noticias\/wp-json\/wp\/v2\/posts"}],"about":[{"href":"https:\/\/alminutonoticia.com\/noticias\/wp-json\/wp\/v2\/types\/post"}],"author":[{"embeddable":true,"href":"https:\/\/alminutonoticia.com\/noticias\/wp-json\/wp\/v2\/users\/3"}],"replies":[{"embeddable":true,"href":"https:\/\/alminutonoticia.com\/noticias\/wp-json\/wp\/v2\/comments?post=11914"}],"version-history":[{"count":1,"href":"https:\/\/alminutonoticia.com\/noticias\/wp-json\/wp\/v2\/posts\/11914\/revisions"}],"predecessor-version":[{"id":11916,"href":"https:\/\/alminutonoticia.com\/noticias\/wp-json\/wp\/v2\/posts\/11914\/revisions\/11916"}],"wp:featuredmedia":[{"embeddable":true,"href":"https:\/\/alminutonoticia.com\/noticias\/wp-json\/wp\/v2\/media\/11915"}],"wp:attachment":[{"href":"https:\/\/alminutonoticia.com\/noticias\/wp-json\/wp\/v2\/media?parent=11914"}],"wp:term":[{"taxonomy":"category","embeddable":true,"href":"https:\/\/alminutonoticia.com\/noticias\/wp-json\/wp\/v2\/categories?post=11914"},{"taxonomy":"post_tag","embeddable":true,"href":"https:\/\/alminutonoticia.com\/noticias\/wp-json\/wp\/v2\/tags?post=11914"}],"curies":[{"name":"wp","href":"https:\/\/api.w.org\/{rel}","templated":true}]}}