{"id":11905,"date":"2024-07-12T11:06:48","date_gmt":"2024-07-12T11:06:48","guid":{"rendered":"https:\/\/alminutonoticia.com\/noticias\/?p=11905"},"modified":"2024-07-12T11:06:49","modified_gmt":"2024-07-12T11:06:49","slug":"autoridades-del-isa-reciben-detalles-sobre-posibles-escenarios-de-los-estados-del-clima","status":"publish","type":"post","link":"https:\/\/alminutonoticia.com\/noticias\/autoridades-del-isa-reciben-detalles-sobre-posibles-escenarios-de-los-estados-del-clima\/","title":{"rendered":"Autoridades del ISA reciben detalles sobre posibles escenarios de los estados del Clima."},"content":{"rendered":"\n<p>A fin de conocer los detalles relacionados al estado del clima, entrada de la \u00e9poca de huracanes y el fen\u00f3meno de la ni\u00f1a elementos importantes en la toma de decisiones al momento de promocionar nuestros seguros, cuerpos gerenciales del Instituto de Seguro Agropecuario (ISA), de las carteras de seguro agropecuario, porcino y complementario recibieron la visita de Alcely Lau y Bianca Ben\u00edtez del Instituto de Meteorolog\u00eda e Hidrolog\u00eda de Panam\u00e1 (IMHPA) con quien sostuvieron un interesante conversatorio.<\/p>\n\n\n\n<div class=\"wp-block-columns is-layout-flex wp-container-core-columns-is-layout-28f84493 wp-block-columns-is-layout-flex\">\n<div class=\"wp-block-column is-layout-flow wp-block-column-is-layout-flow\">\n<figure class=\"wp-block-image size-large\"><a href=\"https:\/\/alminutonoticia.com\/noticias\/wp-content\/uploads\/2024\/07\/dsc1069.1280x850.jpg\"><img fetchpriority=\"high\" decoding=\"async\" width=\"1024\" height=\"680\" src=\"https:\/\/alminutonoticia.com\/noticias\/wp-content\/uploads\/2024\/07\/dsc1069.1280x850-1024x680.jpg\" alt=\"\" class=\"wp-image-11906\" title=\"\" srcset=\"https:\/\/alminutonoticia.com\/noticias\/wp-content\/uploads\/2024\/07\/dsc1069.1280x850-1024x680.jpg 1024w, https:\/\/alminutonoticia.com\/noticias\/wp-content\/uploads\/2024\/07\/dsc1069.1280x850-300x199.jpg 300w, https:\/\/alminutonoticia.com\/noticias\/wp-content\/uploads\/2024\/07\/dsc1069.1280x850-768x510.jpg 768w, https:\/\/alminutonoticia.com\/noticias\/wp-content\/uploads\/2024\/07\/dsc1069.1280x850.jpg 1280w\" sizes=\"(max-width: 1024px) 100vw, 1024px\" \/><\/a><\/figure>\n<\/div>\n\n\n\n<div class=\"wp-block-column is-layout-flow wp-block-column-is-layout-flow\">\n<figure class=\"wp-block-image size-large\"><a href=\"https:\/\/alminutonoticia.com\/noticias\/wp-content\/uploads\/2024\/07\/dsc1215.1280x850.jpg\"><img decoding=\"async\" width=\"1024\" height=\"680\" src=\"https:\/\/alminutonoticia.com\/noticias\/wp-content\/uploads\/2024\/07\/dsc1215.1280x850-1024x680.jpg\" alt=\"\" class=\"wp-image-11907\" title=\"\" srcset=\"https:\/\/alminutonoticia.com\/noticias\/wp-content\/uploads\/2024\/07\/dsc1215.1280x850-1024x680.jpg 1024w, https:\/\/alminutonoticia.com\/noticias\/wp-content\/uploads\/2024\/07\/dsc1215.1280x850-300x199.jpg 300w, https:\/\/alminutonoticia.com\/noticias\/wp-content\/uploads\/2024\/07\/dsc1215.1280x850-768x510.jpg 768w, https:\/\/alminutonoticia.com\/noticias\/wp-content\/uploads\/2024\/07\/dsc1215.1280x850.jpg 1280w\" sizes=\"(max-width: 1024px) 100vw, 1024px\" \/><\/a><\/figure>\n<\/div>\n<\/div>\n\n\n\n<p><br>En la jornada que estuvo presidida por el Gerente General del ISA, Ariel Espino, tambi\u00e9n estuvieron presentes los gerentes de las regionales de Panam\u00e1 Oeste, Panam\u00e1 Este, Col\u00f3n y Dari\u00e9n, se abordaron fechas preliminares de la entrada de las temporadas clim\u00e1ticas as\u00ed como el posible impacto de estas en las actividades del sector agropecuario del pa\u00eds.<\/p>\n\n\n\n<p><br>Cabe destacar que en la actualidad el IMPHA y el ISA mantienen una l\u00ednea de comunicaci\u00f3n fluida, constante y de asistencia t\u00e9cnica a fin de mantenernos al tanto de los escenarios posibles de los estados del clima en los pr\u00f3ximos meses.<\/p>\n\n\n\n<figure class=\"wp-block-image size-large\"><a href=\"https:\/\/alminutonoticia.com\/noticias\/wp-content\/uploads\/2024\/07\/dsc1053-1.1280x850.jpg\"><img decoding=\"async\" width=\"1024\" height=\"680\" src=\"https:\/\/alminutonoticia.com\/noticias\/wp-content\/uploads\/2024\/07\/dsc1053-1.1280x850-1024x680.jpg\" alt=\"\" class=\"wp-image-11908\" title=\"\" srcset=\"https:\/\/alminutonoticia.com\/noticias\/wp-content\/uploads\/2024\/07\/dsc1053-1.1280x850-1024x680.jpg 1024w, https:\/\/alminutonoticia.com\/noticias\/wp-content\/uploads\/2024\/07\/dsc1053-1.1280x850-300x199.jpg 300w, https:\/\/alminutonoticia.com\/noticias\/wp-content\/uploads\/2024\/07\/dsc1053-1.1280x850-768x510.jpg 768w, https:\/\/alminutonoticia.com\/noticias\/wp-content\/uploads\/2024\/07\/dsc1053-1.1280x850.jpg 1280w\" sizes=\"(max-width: 1024px) 100vw, 1024px\" \/><\/a><\/figure>\n\n\n\n<figure class=\"wp-block-image size-large\"><a href=\"https:\/\/alminutonoticia.com\/noticias\/wp-content\/uploads\/2024\/07\/dsc1230.1280x850.jpg\"><img loading=\"lazy\" decoding=\"async\" width=\"1024\" height=\"680\" src=\"https:\/\/alminutonoticia.com\/noticias\/wp-content\/uploads\/2024\/07\/dsc1230.1280x850-1024x680.jpg\" alt=\"\" class=\"wp-image-11909\" title=\"\" srcset=\"https:\/\/alminutonoticia.com\/noticias\/wp-content\/uploads\/2024\/07\/dsc1230.1280x850-1024x680.jpg 1024w, https:\/\/alminutonoticia.com\/noticias\/wp-content\/uploads\/2024\/07\/dsc1230.1280x850-300x199.jpg 300w, https:\/\/alminutonoticia.com\/noticias\/wp-content\/uploads\/2024\/07\/dsc1230.1280x850-768x510.jpg 768w, https:\/\/alminutonoticia.com\/noticias\/wp-content\/uploads\/2024\/07\/dsc1230.1280x850.jpg 1280w\" sizes=\"(max-width: 1024px) 100vw, 1024px\" \/><\/a><\/figure>\n","protected":false},"excerpt":{"rendered":"<p>A fin de conocer los detalles relacionados al estado del clima, entrada de la \u00e9poca de huracanes y el fen\u00f3meno de la ni\u00f1a elementos importantes en la toma de decisiones al momento de promocionar nuestros seguros, cuerpos gerenciales del Instituto de Seguro Agropecuario (ISA), de las carteras de seguro agropecuario, porcino y complementario recibieron la [&hellip;]<\/p>\n","protected":false},"author":3,"featured_media":11909,"comment_status":"open","ping_status":"open","sticky":false,"template":"","format":"standard","meta":{"footnotes":""},"categories":[36,42],"tags":[],"class_list":["post-11905","post","type-post","status-publish","format-standard","has-post-thumbnail","hentry","category-nacionales","category-ambiente"],"_links":{"self":[{"href":"https:\/\/alminutonoticia.com\/noticias\/wp-json\/wp\/v2\/posts\/11905","targetHints":{"allow":["GET"]}}],"collection":[{"href":"https:\/\/alminutonoticia.com\/noticias\/wp-json\/wp\/v2\/posts"}],"about":[{"href":"https:\/\/alminutonoticia.com\/noticias\/wp-json\/wp\/v2\/types\/post"}],"author":[{"embeddable":true,"href":"https:\/\/alminutonoticia.com\/noticias\/wp-json\/wp\/v2\/users\/3"}],"replies":[{"embeddable":true,"href":"https:\/\/alminutonoticia.com\/noticias\/wp-json\/wp\/v2\/comments?post=11905"}],"version-history":[{"count":1,"href":"https:\/\/alminutonoticia.com\/noticias\/wp-json\/wp\/v2\/posts\/11905\/revisions"}],"predecessor-version":[{"id":11910,"href":"https:\/\/alminutonoticia.com\/noticias\/wp-json\/wp\/v2\/posts\/11905\/revisions\/11910"}],"wp:featuredmedia":[{"embeddable":true,"href":"https:\/\/alminutonoticia.com\/noticias\/wp-json\/wp\/v2\/media\/11909"}],"wp:attachment":[{"href":"https:\/\/alminutonoticia.com\/noticias\/wp-json\/wp\/v2\/media?parent=11905"}],"wp:term":[{"taxonomy":"category","embeddable":true,"href":"https:\/\/alminutonoticia.com\/noticias\/wp-json\/wp\/v2\/categories?post=11905"},{"taxonomy":"post_tag","embeddable":true,"href":"https:\/\/alminutonoticia.com\/noticias\/wp-json\/wp\/v2\/tags?post=11905"}],"curies":[{"name":"wp","href":"https:\/\/api.w.org\/{rel}","templated":true}]}}