{"id":11901,"date":"2024-07-12T11:03:02","date_gmt":"2024-07-12T11:03:02","guid":{"rendered":"https:\/\/alminutonoticia.com\/noticias\/?p=11901"},"modified":"2024-07-12T11:03:03","modified_gmt":"2024-07-12T11:03:03","slug":"titular-del-mides-inspecciona-los-caipi-para-evaluar-su-funcionamiento","status":"publish","type":"post","link":"https:\/\/alminutonoticia.com\/noticias\/titular-del-mides-inspecciona-los-caipi-para-evaluar-su-funcionamiento\/","title":{"rendered":"Titular del Mides inspecciona los CAIPI para evaluar su funcionamiento"},"content":{"rendered":"\n<p>En b\u00fasqueda de evaluar los servicios que el Gobierno Nacional brinda a la primera infancia y a otros grupos prioritarios, la ministra de Desarrollo Social, Beatriz Carles de Arango, realiz\u00f3 su primera gira de trabajo en el interior de la Rep\u00fablica en compa\u00f1\u00eda del viceministro, Ricardo Adolfo Landero Miranda.<\/p>\n\n\n\n<p>Durante la visita a la provincia de Cocl\u00e9, la ministra Carles observ\u00f3 el funcionamiento de los Centros de Atenci\u00f3n Integral a la Primera Infancia (CAIPI) y evalu\u00f3 mejoras en los servicios ofrecidos, reafirmando el compromiso de esta administraci\u00f3n con este grupo vulnerable.<\/p>\n\n\n\n<p>En compa\u00f1\u00eda de la nueva directora regional de Cocl\u00e9, Cecibel Jarquin, personal de la Direcci\u00f3n de Servicios de Protecci\u00f3n Social (DISPROS) y del Despacho de la Primera Dama, la ministra Carles de Arango visit\u00f3 los CAIPI de Guabas Abajo, R\u00edo Hato, Alegres Corazones de Farall\u00f3n, Bijagual de Ant\u00f3n, donde conoci\u00f3, de primera mano, las necesidades y preocupaci\u00f3n del personal administrativo y madres de familia de estos centros de atenci\u00f3n a la primera infancia.<\/p>\n\n\n\n<figure class=\"wp-block-image size-full\"><a href=\"https:\/\/alminutonoticia.com\/noticias\/wp-content\/uploads\/2024\/07\/WhatsApp-Image-2024-07-11-at-2.20.51-PM-1024x682-1.jpeg\"><img fetchpriority=\"high\" decoding=\"async\" width=\"1024\" height=\"682\" src=\"https:\/\/alminutonoticia.com\/noticias\/wp-content\/uploads\/2024\/07\/WhatsApp-Image-2024-07-11-at-2.20.51-PM-1024x682-1.jpeg\" alt=\"\" class=\"wp-image-11902\" title=\"\" srcset=\"https:\/\/alminutonoticia.com\/noticias\/wp-content\/uploads\/2024\/07\/WhatsApp-Image-2024-07-11-at-2.20.51-PM-1024x682-1.jpeg 1024w, https:\/\/alminutonoticia.com\/noticias\/wp-content\/uploads\/2024\/07\/WhatsApp-Image-2024-07-11-at-2.20.51-PM-1024x682-1-300x200.jpeg 300w, https:\/\/alminutonoticia.com\/noticias\/wp-content\/uploads\/2024\/07\/WhatsApp-Image-2024-07-11-at-2.20.51-PM-1024x682-1-768x512.jpeg 768w\" sizes=\"(max-width: 1024px) 100vw, 1024px\" \/><\/a><\/figure>\n\n\n\n<p>\u201cHemos encontrado algunos CAIPI sin ni\u00f1os, otros con ni\u00f1os que salen a las 12:00 p.m. en lugar de las 4:00 p.m., con equipos que no se apegan a las necesidades, sin el personal necesario para atender la demanda de esta poblaci\u00f3n\u201d, dijo Carles de Arango.<\/p>\n\n\n\n<p>La titular del MIDES tambi\u00e9n se\u00f1al\u00f3 la importancia de salvaguardar la seguridad, la salud y el bienestar de la poblaci\u00f3n atendida en estos centros, tras conocer las constantes afectaciones al servicio por las fluctuaciones el\u00e9ctricas y la falta de agua. Carles de Arango hizo un llamado de atenci\u00f3n por la presencia de guano en aulas y gir\u00f3 instrucciones para que se subsanara este inconveniente con premura.<\/p>\n\n\n\n<p>Durante la visita, se abordaron mejoras en los servicios brindados y se destac\u00f3 la importancia de garantizar un entorno seguro y afectuoso para los menores.<\/p>\n\n\n\n<p>La titular de la cartera social tambi\u00e9n visit\u00f3 la \u2018Casa Hogar de Ni\u00f1as Penonom\u00e9 y la \u201cCasa Hogar Beatriz Ja\u00e9n de Arosemena\u201d, que brindan atenci\u00f3n y cuidados a ni\u00f1os, ni\u00f1as y adolescentes.<br>En la provincia de Cocl\u00e9 operan 13 CAIPI que brindan estimulaci\u00f3n temprana a 205 ni\u00f1os de comunidades vulnerables.<\/p>\n\n\n\n<p>Mientras que el viceministro se traslad\u00f3 hasta la provincia de Veraguas para conocer a los colaboradores, y la funci\u00f3n que realizan a trav\u00e9s de los diferentes programas que ofrece la instituci\u00f3n.<\/p>\n\n\n\n<p>Tambi\u00e9n acompa\u00f1\u00f3 a la nueva directora Omayra Toru\u00f1o en la toma de posesi\u00f3n. Luego se dirigi\u00f3 a la provincia de Herrera para acompa\u00f1ar a la directora Miriam V\u00e1squez.<\/p>\n\n\n\n<figure class=\"wp-block-image size-full\"><a href=\"https:\/\/alminutonoticia.com\/noticias\/wp-content\/uploads\/2024\/07\/WhatsApp-Image-2024-07-11-at-2.20.49-PM-1-1024x734-1.jpeg\"><img decoding=\"async\" width=\"1024\" height=\"734\" src=\"https:\/\/alminutonoticia.com\/noticias\/wp-content\/uploads\/2024\/07\/WhatsApp-Image-2024-07-11-at-2.20.49-PM-1-1024x734-1.jpeg\" alt=\"\" class=\"wp-image-11903\" title=\"\" srcset=\"https:\/\/alminutonoticia.com\/noticias\/wp-content\/uploads\/2024\/07\/WhatsApp-Image-2024-07-11-at-2.20.49-PM-1-1024x734-1.jpeg 1024w, https:\/\/alminutonoticia.com\/noticias\/wp-content\/uploads\/2024\/07\/WhatsApp-Image-2024-07-11-at-2.20.49-PM-1-1024x734-1-300x215.jpeg 300w, https:\/\/alminutonoticia.com\/noticias\/wp-content\/uploads\/2024\/07\/WhatsApp-Image-2024-07-11-at-2.20.49-PM-1-1024x734-1-768x551.jpeg 768w\" sizes=\"(max-width: 1024px) 100vw, 1024px\" \/><\/a><\/figure>\n\n\n\n<p>El viceministro enfatiz\u00f3 a los servidores p\u00fablicos la importancia de trabajar con buena actitud, subrayando que servir al pa\u00eds es un privilegio y una responsabilidad que requiere esfuerzo y dedicaci\u00f3n.<\/p>\n\n\n\n<p>Landero Miranda asegur\u00f3 que estas visitas reafirman el compromiso y la empat\u00eda que distinguir\u00e1 a esta administraci\u00f3n, que trabajar\u00e1 por un pa\u00eds equitativo, donde todas y todos tengan las mismas oportunidades.<\/p>\n\n\n\n<p>La gira de trabajo termin\u00f3 en la sede provincial de Los Santos, donde el viceministro en compa\u00f1\u00eda de la nueva directora Karina De Gracia hicieron un llamado a los colaboradores a trabajar en equipo con pasos firmes en beneficio del pa\u00eds.<\/p>\n\n\n\n<p>\u201cEste es el inicio de una administraci\u00f3n muy presente en todas las regionales, en todas las oficinas, con todo nuestro personal y todos nuestros beneficiarios\u201d, reafirm\u00f3 la ministra Carles de Arango.<\/p>\n\n\n\n<p>Satisfacer las necesidades de una poblaci\u00f3n vulnerable, ya sea ni\u00f1os, adolescentes, adultos mayores, personas con discapacidad y mujeres, es la raz\u00f3n de ser del Ministerio de Desarrollo Social, puntualiz\u00f3 Carles de Arango.<\/p>\n","protected":false},"excerpt":{"rendered":"<p>En b\u00fasqueda de evaluar los servicios que el Gobierno Nacional brinda a la primera infancia y a otros grupos prioritarios, la ministra de Desarrollo Social, Beatriz Carles de Arango, realiz\u00f3 su primera gira de trabajo en el interior de la Rep\u00fablica en compa\u00f1\u00eda del viceministro, Ricardo Adolfo Landero Miranda. Durante la visita a la provincia [&hellip;]<\/p>\n","protected":false},"author":3,"featured_media":11903,"comment_status":"open","ping_status":"open","sticky":false,"template":"","format":"standard","meta":{"footnotes":""},"categories":[36],"tags":[],"class_list":["post-11901","post","type-post","status-publish","format-standard","has-post-thumbnail","hentry","category-nacionales"],"_links":{"self":[{"href":"https:\/\/alminutonoticia.com\/noticias\/wp-json\/wp\/v2\/posts\/11901","targetHints":{"allow":["GET"]}}],"collection":[{"href":"https:\/\/alminutonoticia.com\/noticias\/wp-json\/wp\/v2\/posts"}],"about":[{"href":"https:\/\/alminutonoticia.com\/noticias\/wp-json\/wp\/v2\/types\/post"}],"author":[{"embeddable":true,"href":"https:\/\/alminutonoticia.com\/noticias\/wp-json\/wp\/v2\/users\/3"}],"replies":[{"embeddable":true,"href":"https:\/\/alminutonoticia.com\/noticias\/wp-json\/wp\/v2\/comments?post=11901"}],"version-history":[{"count":1,"href":"https:\/\/alminutonoticia.com\/noticias\/wp-json\/wp\/v2\/posts\/11901\/revisions"}],"predecessor-version":[{"id":11904,"href":"https:\/\/alminutonoticia.com\/noticias\/wp-json\/wp\/v2\/posts\/11901\/revisions\/11904"}],"wp:featuredmedia":[{"embeddable":true,"href":"https:\/\/alminutonoticia.com\/noticias\/wp-json\/wp\/v2\/media\/11903"}],"wp:attachment":[{"href":"https:\/\/alminutonoticia.com\/noticias\/wp-json\/wp\/v2\/media?parent=11901"}],"wp:term":[{"taxonomy":"category","embeddable":true,"href":"https:\/\/alminutonoticia.com\/noticias\/wp-json\/wp\/v2\/categories?post=11901"},{"taxonomy":"post_tag","embeddable":true,"href":"https:\/\/alminutonoticia.com\/noticias\/wp-json\/wp\/v2\/tags?post=11901"}],"curies":[{"name":"wp","href":"https:\/\/api.w.org\/{rel}","templated":true}]}}