{"id":1190,"date":"2023-02-11T13:15:19","date_gmt":"2023-02-11T13:15:19","guid":{"rendered":"https:\/\/alminutonoticia.com\/noticias\/?p=1190"},"modified":"2023-02-11T13:15:20","modified_gmt":"2023-02-11T13:15:20","slug":"umip-mtcc-latin-america-red-mamla-y-emmsas-firman-propuesta-de-cooperacion","status":"publish","type":"post","link":"https:\/\/alminutonoticia.com\/noticias\/umip-mtcc-latin-america-red-mamla-y-emmsas-firman-propuesta-de-cooperacion\/","title":{"rendered":"UMIP, MTCC Latin America, Red MAMLa y EMMSAS, firman propuesta de cooperaci\u00f3n"},"content":{"rendered":"\n<p>La Universidad Mar\u00edtima Internacional de Panam\u00e1 (UMIP), a trav\u00e9s del Maritime Training and Certification Centre (MTCC Latin America) unir\u00e1 esfuerzos con la Red de Mujeres de Autoridades Mar\u00edtimas de Latinoam\u00e9rica (Red MAMLa) y la Empresa Multimodal, EMMSAS, para enfrentar los retos globales y procurar cambios, basados en su compromiso hacia una industria mar\u00edtima portuaria sostenible.<\/p>\n\n\n\n<p>Esta estrategia ser\u00e1 posible gracias al estudio llamado: \u201cHacia una transici\u00f3n energ\u00e9tica mar\u00edtimo-portuaria en Latinoam\u00e9rica, a trav\u00e9s de la elaboraci\u00f3n de una propuesta de un Plan de Gesti\u00f3n Energ\u00e9tica Portuaria Sostenible\u201d, cuya primera fase ser\u00e1 promovida y realizada gracias a la firma del documento de aceptaci\u00f3n entre las partes.<\/p>\n\n\n\n<p>La propuesta de cooperaci\u00f3n fue suscrita por el rector de UMIP, el ingeniero V\u00edctor Luna Barahona, la presidente de Red MAMLa, licenciada Elvia Bustavino, el se\u00f1or Carlos Jos\u00e9 Gonz\u00e1lez Espa\u00f1a, Representante Legal de Empresa Multimodal MMSAS y el Ingeniero Ervin Vargas Wilson, director t\u00e9cnico del MTCC-Latin America, en un acto realizado en el edificio principal del centro educativo.<\/p>\n\n\n\n<p>\u201cEstamos convencidos de que esta estrategia ser\u00e1 fundamental para enfrentarnos a los retos globales, consiguiendo cambios duraderos y un impacto a largo plazo\u201d se\u00f1al\u00f3 el rector Luna Barahona, en tanto que Gonz\u00e1lez Espa\u00f1a asegur\u00f3 que otros pa\u00edses est\u00e1n a la espera de nuestros avances para poder aplicarlos en las actividades del sector mar\u00edtimo y portuario.<\/p>\n\n\n\n<figure class=\"wp-block-image size-large\"><a href=\"https:\/\/alminutonoticia.com\/noticias\/wp-content\/uploads\/2023\/02\/WhatsApp-Image-2023-02-10-at-5.33.41-PM.jpeg\"><img fetchpriority=\"high\" decoding=\"async\" width=\"1024\" height=\"771\" src=\"https:\/\/alminutonoticia.com\/noticias\/wp-content\/uploads\/2023\/02\/WhatsApp-Image-2023-02-10-at-5.33.41-PM-1024x771.jpeg\" alt=\"\" class=\"wp-image-1191\" title=\"\" srcset=\"https:\/\/alminutonoticia.com\/noticias\/wp-content\/uploads\/2023\/02\/WhatsApp-Image-2023-02-10-at-5.33.41-PM-1024x771.jpeg 1024w, https:\/\/alminutonoticia.com\/noticias\/wp-content\/uploads\/2023\/02\/WhatsApp-Image-2023-02-10-at-5.33.41-PM-300x226.jpeg 300w, https:\/\/alminutonoticia.com\/noticias\/wp-content\/uploads\/2023\/02\/WhatsApp-Image-2023-02-10-at-5.33.41-PM-768x578.jpeg 768w, https:\/\/alminutonoticia.com\/noticias\/wp-content\/uploads\/2023\/02\/WhatsApp-Image-2023-02-10-at-5.33.41-PM-1536x1156.jpeg 1536w, https:\/\/alminutonoticia.com\/noticias\/wp-content\/uploads\/2023\/02\/WhatsApp-Image-2023-02-10-at-5.33.41-PM.jpeg 1600w\" sizes=\"(max-width: 1024px) 100vw, 1024px\" \/><\/a><\/figure>\n\n\n\n<figure class=\"wp-block-image size-large\"><a href=\"https:\/\/alminutonoticia.com\/noticias\/wp-content\/uploads\/2023\/02\/WhatsApp-Image-2023-02-10-at-5.33.45-PM.jpeg\"><img decoding=\"async\" width=\"1024\" height=\"771\" src=\"https:\/\/alminutonoticia.com\/noticias\/wp-content\/uploads\/2023\/02\/WhatsApp-Image-2023-02-10-at-5.33.45-PM-1024x771.jpeg\" alt=\"\" class=\"wp-image-1192\" title=\"\" srcset=\"https:\/\/alminutonoticia.com\/noticias\/wp-content\/uploads\/2023\/02\/WhatsApp-Image-2023-02-10-at-5.33.45-PM-1024x771.jpeg 1024w, https:\/\/alminutonoticia.com\/noticias\/wp-content\/uploads\/2023\/02\/WhatsApp-Image-2023-02-10-at-5.33.45-PM-300x226.jpeg 300w, https:\/\/alminutonoticia.com\/noticias\/wp-content\/uploads\/2023\/02\/WhatsApp-Image-2023-02-10-at-5.33.45-PM-768x578.jpeg 768w, https:\/\/alminutonoticia.com\/noticias\/wp-content\/uploads\/2023\/02\/WhatsApp-Image-2023-02-10-at-5.33.45-PM-1536x1156.jpeg 1536w, https:\/\/alminutonoticia.com\/noticias\/wp-content\/uploads\/2023\/02\/WhatsApp-Image-2023-02-10-at-5.33.45-PM.jpeg 1600w\" sizes=\"(max-width: 1024px) 100vw, 1024px\" \/><\/a><\/figure>\n\n\n\n<figure class=\"wp-block-image size-large\"><a href=\"https:\/\/alminutonoticia.com\/noticias\/wp-content\/uploads\/2023\/02\/WhatsApp-Image-2023-02-10-at-5.33.49-PM.jpeg\"><img decoding=\"async\" width=\"1024\" height=\"771\" src=\"https:\/\/alminutonoticia.com\/noticias\/wp-content\/uploads\/2023\/02\/WhatsApp-Image-2023-02-10-at-5.33.49-PM-1024x771.jpeg\" alt=\"\" class=\"wp-image-1193\" title=\"\" srcset=\"https:\/\/alminutonoticia.com\/noticias\/wp-content\/uploads\/2023\/02\/WhatsApp-Image-2023-02-10-at-5.33.49-PM-1024x771.jpeg 1024w, https:\/\/alminutonoticia.com\/noticias\/wp-content\/uploads\/2023\/02\/WhatsApp-Image-2023-02-10-at-5.33.49-PM-300x226.jpeg 300w, https:\/\/alminutonoticia.com\/noticias\/wp-content\/uploads\/2023\/02\/WhatsApp-Image-2023-02-10-at-5.33.49-PM-768x578.jpeg 768w, https:\/\/alminutonoticia.com\/noticias\/wp-content\/uploads\/2023\/02\/WhatsApp-Image-2023-02-10-at-5.33.49-PM-1536x1156.jpeg 1536w, https:\/\/alminutonoticia.com\/noticias\/wp-content\/uploads\/2023\/02\/WhatsApp-Image-2023-02-10-at-5.33.49-PM.jpeg 1600w\" sizes=\"(max-width: 1024px) 100vw, 1024px\" \/><\/a><\/figure>\n","protected":false},"excerpt":{"rendered":"<p>La Universidad Mar\u00edtima Internacional de Panam\u00e1 (UMIP), a trav\u00e9s del Maritime Training and Certification Centre (MTCC Latin America) unir\u00e1 esfuerzos con la Red de Mujeres de Autoridades Mar\u00edtimas de Latinoam\u00e9rica (Red MAMLa) y la Empresa Multimodal, EMMSAS, para enfrentar los retos globales y procurar cambios, basados en su compromiso hacia una industria mar\u00edtima portuaria sostenible. [&hellip;]<\/p>\n","protected":false},"author":3,"featured_media":1191,"comment_status":"open","ping_status":"open","sticky":false,"template":"","format":"standard","meta":{"footnotes":""},"categories":[36],"tags":[],"class_list":["post-1190","post","type-post","status-publish","format-standard","has-post-thumbnail","hentry","category-nacionales"],"_links":{"self":[{"href":"https:\/\/alminutonoticia.com\/noticias\/wp-json\/wp\/v2\/posts\/1190","targetHints":{"allow":["GET"]}}],"collection":[{"href":"https:\/\/alminutonoticia.com\/noticias\/wp-json\/wp\/v2\/posts"}],"about":[{"href":"https:\/\/alminutonoticia.com\/noticias\/wp-json\/wp\/v2\/types\/post"}],"author":[{"embeddable":true,"href":"https:\/\/alminutonoticia.com\/noticias\/wp-json\/wp\/v2\/users\/3"}],"replies":[{"embeddable":true,"href":"https:\/\/alminutonoticia.com\/noticias\/wp-json\/wp\/v2\/comments?post=1190"}],"version-history":[{"count":1,"href":"https:\/\/alminutonoticia.com\/noticias\/wp-json\/wp\/v2\/posts\/1190\/revisions"}],"predecessor-version":[{"id":1194,"href":"https:\/\/alminutonoticia.com\/noticias\/wp-json\/wp\/v2\/posts\/1190\/revisions\/1194"}],"wp:featuredmedia":[{"embeddable":true,"href":"https:\/\/alminutonoticia.com\/noticias\/wp-json\/wp\/v2\/media\/1191"}],"wp:attachment":[{"href":"https:\/\/alminutonoticia.com\/noticias\/wp-json\/wp\/v2\/media?parent=1190"}],"wp:term":[{"taxonomy":"category","embeddable":true,"href":"https:\/\/alminutonoticia.com\/noticias\/wp-json\/wp\/v2\/categories?post=1190"},{"taxonomy":"post_tag","embeddable":true,"href":"https:\/\/alminutonoticia.com\/noticias\/wp-json\/wp\/v2\/tags?post=1190"}],"curies":[{"name":"wp","href":"https:\/\/api.w.org\/{rel}","templated":true}]}}