{"id":11874,"date":"2024-07-10T00:46:43","date_gmt":"2024-07-10T00:46:43","guid":{"rendered":"https:\/\/alminutonoticia.com\/noticias\/?p=11874"},"modified":"2024-07-10T00:46:45","modified_gmt":"2024-07-10T00:46:45","slug":"mujer-choca-poste-de-luz-y-este-le-cae-al-auto","status":"publish","type":"post","link":"https:\/\/alminutonoticia.com\/noticias\/mujer-choca-poste-de-luz-y-este-le-cae-al-auto\/","title":{"rendered":"Mujer choca poste de luz y este le cae al auto"},"content":{"rendered":"\n<p>La tarde de este martes 9 de julio se registr\u00f3 un accidente en la v\u00eda Interamericana a la altura de Loma Cov\u00e1.<\/p>\n\n\n\n<p>Un auto en el que viajaban dos mujeres perdi\u00f3 el control y se choc\u00f3 contra un poste de tendido el\u00e9ctrico y este cay\u00f3 sobre el veh\u00edculo.<\/p>\n\n\n\n<p>El accidente afect\u00f3 los cuatro carriles de circulaci\u00f3n, por lo que se suspendi\u00f3 la inversi\u00f3n de carriles hacia Arraij\u00e1n. Se les recomienda a los conductores tomar el Puente Centenario.<\/p>\n\n\n\n<p>Se les solicita a los conductores paciencia mientras se reparan las \u00e1reas afectadas.<\/p>\n\n\n\n<figure class=\"wp-block-image size-full\"><a href=\"https:\/\/alminutonoticia.com\/noticias\/wp-content\/uploads\/2024\/07\/GSEaTsTaUAEoAN4-770x470-1.jpeg\"><img fetchpriority=\"high\" decoding=\"async\" width=\"770\" height=\"470\" src=\"https:\/\/alminutonoticia.com\/noticias\/wp-content\/uploads\/2024\/07\/GSEaTsTaUAEoAN4-770x470-1.jpeg\" alt=\"\" class=\"wp-image-11875\" title=\"\" srcset=\"https:\/\/alminutonoticia.com\/noticias\/wp-content\/uploads\/2024\/07\/GSEaTsTaUAEoAN4-770x470-1.jpeg 770w, https:\/\/alminutonoticia.com\/noticias\/wp-content\/uploads\/2024\/07\/GSEaTsTaUAEoAN4-770x470-1-300x183.jpeg 300w, https:\/\/alminutonoticia.com\/noticias\/wp-content\/uploads\/2024\/07\/GSEaTsTaUAEoAN4-770x470-1-768x469.jpeg 768w\" sizes=\"(max-width: 770px) 100vw, 770px\" \/><\/a><\/figure>\n","protected":false},"excerpt":{"rendered":"<p>La tarde de este martes 9 de julio se registr\u00f3 un accidente en la v\u00eda Interamericana a la altura de Loma Cov\u00e1. Un auto en el que viajaban dos mujeres perdi\u00f3 el control y se choc\u00f3 contra un poste de tendido el\u00e9ctrico y este cay\u00f3 sobre el veh\u00edculo. El accidente afect\u00f3 los cuatro carriles de [&hellip;]<\/p>\n","protected":false},"author":3,"featured_media":11875,"comment_status":"open","ping_status":"open","sticky":false,"template":"","format":"standard","meta":{"footnotes":""},"categories":[36],"tags":[],"class_list":["post-11874","post","type-post","status-publish","format-standard","has-post-thumbnail","hentry","category-nacionales"],"_links":{"self":[{"href":"https:\/\/alminutonoticia.com\/noticias\/wp-json\/wp\/v2\/posts\/11874","targetHints":{"allow":["GET"]}}],"collection":[{"href":"https:\/\/alminutonoticia.com\/noticias\/wp-json\/wp\/v2\/posts"}],"about":[{"href":"https:\/\/alminutonoticia.com\/noticias\/wp-json\/wp\/v2\/types\/post"}],"author":[{"embeddable":true,"href":"https:\/\/alminutonoticia.com\/noticias\/wp-json\/wp\/v2\/users\/3"}],"replies":[{"embeddable":true,"href":"https:\/\/alminutonoticia.com\/noticias\/wp-json\/wp\/v2\/comments?post=11874"}],"version-history":[{"count":1,"href":"https:\/\/alminutonoticia.com\/noticias\/wp-json\/wp\/v2\/posts\/11874\/revisions"}],"predecessor-version":[{"id":11876,"href":"https:\/\/alminutonoticia.com\/noticias\/wp-json\/wp\/v2\/posts\/11874\/revisions\/11876"}],"wp:featuredmedia":[{"embeddable":true,"href":"https:\/\/alminutonoticia.com\/noticias\/wp-json\/wp\/v2\/media\/11875"}],"wp:attachment":[{"href":"https:\/\/alminutonoticia.com\/noticias\/wp-json\/wp\/v2\/media?parent=11874"}],"wp:term":[{"taxonomy":"category","embeddable":true,"href":"https:\/\/alminutonoticia.com\/noticias\/wp-json\/wp\/v2\/categories?post=11874"},{"taxonomy":"post_tag","embeddable":true,"href":"https:\/\/alminutonoticia.com\/noticias\/wp-json\/wp\/v2\/tags?post=11874"}],"curies":[{"name":"wp","href":"https:\/\/api.w.org\/{rel}","templated":true}]}}