{"id":11867,"date":"2024-07-10T00:40:14","date_gmt":"2024-07-10T00:40:14","guid":{"rendered":"https:\/\/alminutonoticia.com\/noticias\/?p=11867"},"modified":"2024-07-10T00:40:17","modified_gmt":"2024-07-10T00:40:17","slug":"retienen-camion-que-transportaba-madera-presuntamente-ilegal","status":"publish","type":"post","link":"https:\/\/alminutonoticia.com\/noticias\/retienen-camion-que-transportaba-madera-presuntamente-ilegal\/","title":{"rendered":"Retienen cami\u00f3n que transportaba madera presuntamente ilegal"},"content":{"rendered":"\n<p>Un cami\u00f3n que transportaba diez tucas de madera de la especie almendro provenientes del sector de La Ocho, corregimiento de Tort\u00ed, fue retenido en Ca\u00f1ita de Chepo por presentar irregularidades en el permiso de movilizaci\u00f3n.<\/p>\n\n\n\n<p>La madera y el cami\u00f3n fueron retenidos pendientes del resultado de la investigaci\u00f3n. La multa podr\u00eda ser de 10 mil d\u00f3lares.&nbsp;<\/p>\n\n\n\n<p>De acuerdo con la inspecci\u00f3n realizada por los t\u00e9cnicos de Forestal, la cantidad de especie de madera no coincide con lo especificado en el permiso de transporte, ni concuerda con la madera verificada durante la inspecci\u00f3n, as\u00ed como otras presuntas irregularidades.<\/p>\n\n\n\n<p>Los t\u00e9cnicos informaron que se dio inicio al proceso administrativo correspondiente a fin de garantizar el debido cumplimiento de las normas forestales de la Rep\u00fablica de Panam\u00e1.<\/p>\n\n\n\n<p>MiAMBIENTE hace el llamado a la ciudadan\u00eda para que denuncien estas pr\u00e1cticas, cuando sean testigos de que se atenta contra los recursos naturales.<\/p>\n\n\n\n<figure class=\"wp-block-image size-full\"><a href=\"https:\/\/alminutonoticia.com\/noticias\/wp-content\/uploads\/2024\/07\/ambiente-770x470-1.jpeg\"><img fetchpriority=\"high\" decoding=\"async\" width=\"770\" height=\"470\" src=\"https:\/\/alminutonoticia.com\/noticias\/wp-content\/uploads\/2024\/07\/ambiente-770x470-1.jpeg\" alt=\"\" class=\"wp-image-11868\" title=\"\" srcset=\"https:\/\/alminutonoticia.com\/noticias\/wp-content\/uploads\/2024\/07\/ambiente-770x470-1.jpeg 770w, https:\/\/alminutonoticia.com\/noticias\/wp-content\/uploads\/2024\/07\/ambiente-770x470-1-300x183.jpeg 300w, https:\/\/alminutonoticia.com\/noticias\/wp-content\/uploads\/2024\/07\/ambiente-770x470-1-768x469.jpeg 768w\" sizes=\"(max-width: 770px) 100vw, 770px\" \/><\/a><\/figure>\n","protected":false},"excerpt":{"rendered":"<p>Un cami\u00f3n que transportaba diez tucas de madera de la especie almendro provenientes del sector de La Ocho, corregimiento de Tort\u00ed, fue retenido en Ca\u00f1ita de Chepo por presentar irregularidades en el permiso de movilizaci\u00f3n. La madera y el cami\u00f3n fueron retenidos pendientes del resultado de la investigaci\u00f3n. La multa podr\u00eda ser de 10 mil [&hellip;]<\/p>\n","protected":false},"author":3,"featured_media":11868,"comment_status":"open","ping_status":"open","sticky":false,"template":"","format":"standard","meta":{"footnotes":""},"categories":[36,42],"tags":[],"class_list":["post-11867","post","type-post","status-publish","format-standard","has-post-thumbnail","hentry","category-nacionales","category-ambiente"],"_links":{"self":[{"href":"https:\/\/alminutonoticia.com\/noticias\/wp-json\/wp\/v2\/posts\/11867","targetHints":{"allow":["GET"]}}],"collection":[{"href":"https:\/\/alminutonoticia.com\/noticias\/wp-json\/wp\/v2\/posts"}],"about":[{"href":"https:\/\/alminutonoticia.com\/noticias\/wp-json\/wp\/v2\/types\/post"}],"author":[{"embeddable":true,"href":"https:\/\/alminutonoticia.com\/noticias\/wp-json\/wp\/v2\/users\/3"}],"replies":[{"embeddable":true,"href":"https:\/\/alminutonoticia.com\/noticias\/wp-json\/wp\/v2\/comments?post=11867"}],"version-history":[{"count":1,"href":"https:\/\/alminutonoticia.com\/noticias\/wp-json\/wp\/v2\/posts\/11867\/revisions"}],"predecessor-version":[{"id":11869,"href":"https:\/\/alminutonoticia.com\/noticias\/wp-json\/wp\/v2\/posts\/11867\/revisions\/11869"}],"wp:featuredmedia":[{"embeddable":true,"href":"https:\/\/alminutonoticia.com\/noticias\/wp-json\/wp\/v2\/media\/11868"}],"wp:attachment":[{"href":"https:\/\/alminutonoticia.com\/noticias\/wp-json\/wp\/v2\/media?parent=11867"}],"wp:term":[{"taxonomy":"category","embeddable":true,"href":"https:\/\/alminutonoticia.com\/noticias\/wp-json\/wp\/v2\/categories?post=11867"},{"taxonomy":"post_tag","embeddable":true,"href":"https:\/\/alminutonoticia.com\/noticias\/wp-json\/wp\/v2\/tags?post=11867"}],"curies":[{"name":"wp","href":"https:\/\/api.w.org\/{rel}","templated":true}]}}