{"id":11861,"date":"2024-07-10T00:37:47","date_gmt":"2024-07-10T00:37:47","guid":{"rendered":"https:\/\/alminutonoticia.com\/noticias\/?p=11861"},"modified":"2024-07-10T00:37:50","modified_gmt":"2024-07-10T00:37:50","slug":"nuevas-autoridades-del-isa-realizan-recorrido","status":"publish","type":"post","link":"https:\/\/alminutonoticia.com\/noticias\/nuevas-autoridades-del-isa-realizan-recorrido\/","title":{"rendered":"Nuevas autoridades del ISA realizan recorrido"},"content":{"rendered":"\n<p>Con un recorrido por todas las instalaciones de la sede central del Instituto de Seguro Agropecuario (ISA), inicia la gesti\u00f3n para este quinquenio del Gerente y Sub Gerente nominados a esta entidad, Ingeniero Ariel Espino y la Licda. Nillka de Arellano.<\/p>\n\n\n\n<p><br>Este acercamiento y camader\u00eda es el inicio de un proyecto de Estado enfocado en la mejora continua, avances y desarrollo sostenible del mercado asegurador de nuestro pa\u00eds.<\/p>\n\n\n\n<p><br>\u201cUna gesti\u00f3n de puertas abiertas, digitalizaci\u00f3n de los procesos, acercamiento y acompa\u00f1amiento de nuestros productores ser\u00e1n algunos de los factores importantes que regir\u00e1n esta administraci\u00f3n\u201d afirm\u00f3 Espino.<\/p>\n\n\n\n<p>Las autoridades junto a parte de su equipo de trabajo visitaron y conversaron con los servidores p\u00fablicos para conocer de primera mano los procesos, avances y fortalezas de la entidad gestora del mercado asegurador paname\u00f1o.<\/p>\n\n\n\n<figure class=\"wp-block-image size-large\"><a href=\"https:\/\/alminutonoticia.com\/noticias\/wp-content\/uploads\/2024\/07\/WhatsApp-Image-2024-07-09-at-7.28.12-PM-2.jpeg\"><img fetchpriority=\"high\" decoding=\"async\" width=\"1024\" height=\"731\" src=\"https:\/\/alminutonoticia.com\/noticias\/wp-content\/uploads\/2024\/07\/WhatsApp-Image-2024-07-09-at-7.28.12-PM-2-1024x731.jpeg\" alt=\"\" class=\"wp-image-11863\" title=\"\" srcset=\"https:\/\/alminutonoticia.com\/noticias\/wp-content\/uploads\/2024\/07\/WhatsApp-Image-2024-07-09-at-7.28.12-PM-2-1024x731.jpeg 1024w, https:\/\/alminutonoticia.com\/noticias\/wp-content\/uploads\/2024\/07\/WhatsApp-Image-2024-07-09-at-7.28.12-PM-2-300x214.jpeg 300w, https:\/\/alminutonoticia.com\/noticias\/wp-content\/uploads\/2024\/07\/WhatsApp-Image-2024-07-09-at-7.28.12-PM-2-768x548.jpeg 768w, https:\/\/alminutonoticia.com\/noticias\/wp-content\/uploads\/2024\/07\/WhatsApp-Image-2024-07-09-at-7.28.12-PM-2-1536x1096.jpeg 1536w, https:\/\/alminutonoticia.com\/noticias\/wp-content\/uploads\/2024\/07\/WhatsApp-Image-2024-07-09-at-7.28.12-PM-2.jpeg 1600w\" sizes=\"(max-width: 1024px) 100vw, 1024px\" \/><\/a><\/figure>\n\n\n\n<figure class=\"wp-block-image size-large\"><a href=\"https:\/\/alminutonoticia.com\/noticias\/wp-content\/uploads\/2024\/07\/WhatsApp-Image-2024-07-09-at-7.28.11-PM.jpeg\"><img decoding=\"async\" width=\"1024\" height=\"731\" src=\"https:\/\/alminutonoticia.com\/noticias\/wp-content\/uploads\/2024\/07\/WhatsApp-Image-2024-07-09-at-7.28.11-PM-1024x731.jpeg\" alt=\"\" class=\"wp-image-11862\" title=\"\" srcset=\"https:\/\/alminutonoticia.com\/noticias\/wp-content\/uploads\/2024\/07\/WhatsApp-Image-2024-07-09-at-7.28.11-PM-1024x731.jpeg 1024w, https:\/\/alminutonoticia.com\/noticias\/wp-content\/uploads\/2024\/07\/WhatsApp-Image-2024-07-09-at-7.28.11-PM-300x214.jpeg 300w, https:\/\/alminutonoticia.com\/noticias\/wp-content\/uploads\/2024\/07\/WhatsApp-Image-2024-07-09-at-7.28.11-PM-768x548.jpeg 768w, https:\/\/alminutonoticia.com\/noticias\/wp-content\/uploads\/2024\/07\/WhatsApp-Image-2024-07-09-at-7.28.11-PM-1536x1096.jpeg 1536w, https:\/\/alminutonoticia.com\/noticias\/wp-content\/uploads\/2024\/07\/WhatsApp-Image-2024-07-09-at-7.28.11-PM.jpeg 1600w\" sizes=\"(max-width: 1024px) 100vw, 1024px\" \/><\/a><\/figure>\n\n\n\n<figure class=\"wp-block-image size-large\"><a href=\"https:\/\/alminutonoticia.com\/noticias\/wp-content\/uploads\/2024\/07\/WhatsApp-Image-2024-07-09-at-7.28.12-PM-1.jpeg\"><img decoding=\"async\" width=\"1024\" height=\"731\" src=\"https:\/\/alminutonoticia.com\/noticias\/wp-content\/uploads\/2024\/07\/WhatsApp-Image-2024-07-09-at-7.28.12-PM-1-1024x731.jpeg\" alt=\"\" class=\"wp-image-11864\" title=\"\" srcset=\"https:\/\/alminutonoticia.com\/noticias\/wp-content\/uploads\/2024\/07\/WhatsApp-Image-2024-07-09-at-7.28.12-PM-1-1024x731.jpeg 1024w, https:\/\/alminutonoticia.com\/noticias\/wp-content\/uploads\/2024\/07\/WhatsApp-Image-2024-07-09-at-7.28.12-PM-1-300x214.jpeg 300w, https:\/\/alminutonoticia.com\/noticias\/wp-content\/uploads\/2024\/07\/WhatsApp-Image-2024-07-09-at-7.28.12-PM-1-768x548.jpeg 768w, https:\/\/alminutonoticia.com\/noticias\/wp-content\/uploads\/2024\/07\/WhatsApp-Image-2024-07-09-at-7.28.12-PM-1-1536x1096.jpeg 1536w, https:\/\/alminutonoticia.com\/noticias\/wp-content\/uploads\/2024\/07\/WhatsApp-Image-2024-07-09-at-7.28.12-PM-1.jpeg 1600w\" sizes=\"(max-width: 1024px) 100vw, 1024px\" \/><\/a><\/figure>\n\n\n\n<figure class=\"wp-block-image size-large\"><a href=\"https:\/\/alminutonoticia.com\/noticias\/wp-content\/uploads\/2024\/07\/WhatsApp-Image-2024-07-09-at-7.28.13-PM.jpeg\"><img loading=\"lazy\" decoding=\"async\" width=\"1024\" height=\"731\" src=\"https:\/\/alminutonoticia.com\/noticias\/wp-content\/uploads\/2024\/07\/WhatsApp-Image-2024-07-09-at-7.28.13-PM-1024x731.jpeg\" alt=\"\" class=\"wp-image-11865\" title=\"\" srcset=\"https:\/\/alminutonoticia.com\/noticias\/wp-content\/uploads\/2024\/07\/WhatsApp-Image-2024-07-09-at-7.28.13-PM-1024x731.jpeg 1024w, https:\/\/alminutonoticia.com\/noticias\/wp-content\/uploads\/2024\/07\/WhatsApp-Image-2024-07-09-at-7.28.13-PM-300x214.jpeg 300w, https:\/\/alminutonoticia.com\/noticias\/wp-content\/uploads\/2024\/07\/WhatsApp-Image-2024-07-09-at-7.28.13-PM-768x548.jpeg 768w, https:\/\/alminutonoticia.com\/noticias\/wp-content\/uploads\/2024\/07\/WhatsApp-Image-2024-07-09-at-7.28.13-PM-1536x1096.jpeg 1536w, https:\/\/alminutonoticia.com\/noticias\/wp-content\/uploads\/2024\/07\/WhatsApp-Image-2024-07-09-at-7.28.13-PM.jpeg 1600w\" sizes=\"(max-width: 1024px) 100vw, 1024px\" \/><\/a><\/figure>\n","protected":false},"excerpt":{"rendered":"<p>Con un recorrido por todas las instalaciones de la sede central del Instituto de Seguro Agropecuario (ISA), inicia la gesti\u00f3n para este quinquenio del Gerente y Sub Gerente nominados a esta entidad, Ingeniero Ariel Espino y la Licda. Nillka de Arellano. Este acercamiento y camader\u00eda es el inicio de un proyecto de Estado enfocado en [&hellip;]<\/p>\n","protected":false},"author":3,"featured_media":11865,"comment_status":"open","ping_status":"open","sticky":false,"template":"","format":"standard","meta":{"footnotes":""},"categories":[36],"tags":[],"class_list":["post-11861","post","type-post","status-publish","format-standard","has-post-thumbnail","hentry","category-nacionales"],"_links":{"self":[{"href":"https:\/\/alminutonoticia.com\/noticias\/wp-json\/wp\/v2\/posts\/11861","targetHints":{"allow":["GET"]}}],"collection":[{"href":"https:\/\/alminutonoticia.com\/noticias\/wp-json\/wp\/v2\/posts"}],"about":[{"href":"https:\/\/alminutonoticia.com\/noticias\/wp-json\/wp\/v2\/types\/post"}],"author":[{"embeddable":true,"href":"https:\/\/alminutonoticia.com\/noticias\/wp-json\/wp\/v2\/users\/3"}],"replies":[{"embeddable":true,"href":"https:\/\/alminutonoticia.com\/noticias\/wp-json\/wp\/v2\/comments?post=11861"}],"version-history":[{"count":1,"href":"https:\/\/alminutonoticia.com\/noticias\/wp-json\/wp\/v2\/posts\/11861\/revisions"}],"predecessor-version":[{"id":11866,"href":"https:\/\/alminutonoticia.com\/noticias\/wp-json\/wp\/v2\/posts\/11861\/revisions\/11866"}],"wp:featuredmedia":[{"embeddable":true,"href":"https:\/\/alminutonoticia.com\/noticias\/wp-json\/wp\/v2\/media\/11865"}],"wp:attachment":[{"href":"https:\/\/alminutonoticia.com\/noticias\/wp-json\/wp\/v2\/media?parent=11861"}],"wp:term":[{"taxonomy":"category","embeddable":true,"href":"https:\/\/alminutonoticia.com\/noticias\/wp-json\/wp\/v2\/categories?post=11861"},{"taxonomy":"post_tag","embeddable":true,"href":"https:\/\/alminutonoticia.com\/noticias\/wp-json\/wp\/v2\/tags?post=11861"}],"curies":[{"name":"wp","href":"https:\/\/api.w.org\/{rel}","templated":true}]}}