{"id":11858,"date":"2024-07-10T00:31:55","date_gmt":"2024-07-10T00:31:55","guid":{"rendered":"https:\/\/alminutonoticia.com\/noticias\/?p=11858"},"modified":"2024-07-10T00:31:58","modified_gmt":"2024-07-10T00:31:58","slug":"ifarhu-suspende-los-tramites-para-solicitar-auxilios-economicos","status":"publish","type":"post","link":"https:\/\/alminutonoticia.com\/noticias\/ifarhu-suspende-los-tramites-para-solicitar-auxilios-economicos\/","title":{"rendered":"Ifarhu suspende los tr\u00e1mites para solicitar Auxilios Econ\u00f3micos"},"content":{"rendered":"\n<p>El Instituto para la Formaci\u00f3n y Aprovechamiento de Recursos Humanos (Ifarhu), anunci\u00f3 el cierre de proceso de recepci\u00f3n de documentos para el tr\u00e1mite de Auxilios Econ\u00f3micos.<\/p>\n\n\n\n<p>El director Jaime D\u00edaz afirm\u00f3 que no habr\u00e1 becas por compromisos pol\u00edticos, ya que la instituci\u00f3n las entregar\u00e1 por m\u00e9ritos, sujetos a cotejo de cr\u00e9ditos y a quienes cumplan con los requisitos.<\/p>\n\n\n\n<p>\u00abEstamos colaborando estrechamente con el Ministerio de Educaci\u00f3n para asegurar que los procesos de entrega sean eficientes y oportunos\u00bb, expres\u00f3 el director general.<\/p>\n\n\n\n<p>Por otro lado, adelant\u00f3 que las investigaciones y auditor\u00edas realizadas a la instituci\u00f3n llevan un avance y pronto se dar\u00e1n los resultados a la poblaci\u00f3n.<\/p>\n\n\n\n<p>En la pasada administraci\u00f3n hubo un esc\u00e1ndalo tras conocerse que los beneficios econ\u00f3micos fueron entregados a familiares de pol\u00edticos, empresarios y personas con capacidad econ\u00f3mica.<\/p>\n\n\n\n<figure class=\"wp-block-image size-full\"><a href=\"https:\/\/alminutonoticia.com\/noticias\/wp-content\/uploads\/2024\/07\/ifar.jpg\"><img fetchpriority=\"high\" decoding=\"async\" width=\"770\" height=\"462\" src=\"https:\/\/alminutonoticia.com\/noticias\/wp-content\/uploads\/2024\/07\/ifar.jpg\" alt=\"\" class=\"wp-image-11859\" title=\"\" srcset=\"https:\/\/alminutonoticia.com\/noticias\/wp-content\/uploads\/2024\/07\/ifar.jpg 770w, https:\/\/alminutonoticia.com\/noticias\/wp-content\/uploads\/2024\/07\/ifar-300x180.jpg 300w, https:\/\/alminutonoticia.com\/noticias\/wp-content\/uploads\/2024\/07\/ifar-768x461.jpg 768w\" sizes=\"(max-width: 770px) 100vw, 770px\" \/><\/a><\/figure>\n","protected":false},"excerpt":{"rendered":"<p>El Instituto para la Formaci\u00f3n y Aprovechamiento de Recursos Humanos (Ifarhu), anunci\u00f3 el cierre de proceso de recepci\u00f3n de documentos para el tr\u00e1mite de Auxilios Econ\u00f3micos. El director Jaime D\u00edaz afirm\u00f3 que no habr\u00e1 becas por compromisos pol\u00edticos, ya que la instituci\u00f3n las entregar\u00e1 por m\u00e9ritos, sujetos a cotejo de cr\u00e9ditos y a quienes cumplan [&hellip;]<\/p>\n","protected":false},"author":3,"featured_media":11859,"comment_status":"open","ping_status":"open","sticky":false,"template":"","format":"standard","meta":{"footnotes":""},"categories":[36],"tags":[],"class_list":["post-11858","post","type-post","status-publish","format-standard","has-post-thumbnail","hentry","category-nacionales"],"_links":{"self":[{"href":"https:\/\/alminutonoticia.com\/noticias\/wp-json\/wp\/v2\/posts\/11858","targetHints":{"allow":["GET"]}}],"collection":[{"href":"https:\/\/alminutonoticia.com\/noticias\/wp-json\/wp\/v2\/posts"}],"about":[{"href":"https:\/\/alminutonoticia.com\/noticias\/wp-json\/wp\/v2\/types\/post"}],"author":[{"embeddable":true,"href":"https:\/\/alminutonoticia.com\/noticias\/wp-json\/wp\/v2\/users\/3"}],"replies":[{"embeddable":true,"href":"https:\/\/alminutonoticia.com\/noticias\/wp-json\/wp\/v2\/comments?post=11858"}],"version-history":[{"count":1,"href":"https:\/\/alminutonoticia.com\/noticias\/wp-json\/wp\/v2\/posts\/11858\/revisions"}],"predecessor-version":[{"id":11860,"href":"https:\/\/alminutonoticia.com\/noticias\/wp-json\/wp\/v2\/posts\/11858\/revisions\/11860"}],"wp:featuredmedia":[{"embeddable":true,"href":"https:\/\/alminutonoticia.com\/noticias\/wp-json\/wp\/v2\/media\/11859"}],"wp:attachment":[{"href":"https:\/\/alminutonoticia.com\/noticias\/wp-json\/wp\/v2\/media?parent=11858"}],"wp:term":[{"taxonomy":"category","embeddable":true,"href":"https:\/\/alminutonoticia.com\/noticias\/wp-json\/wp\/v2\/categories?post=11858"},{"taxonomy":"post_tag","embeddable":true,"href":"https:\/\/alminutonoticia.com\/noticias\/wp-json\/wp\/v2\/tags?post=11858"}],"curies":[{"name":"wp","href":"https:\/\/api.w.org\/{rel}","templated":true}]}}