{"id":11845,"date":"2024-07-09T02:11:21","date_gmt":"2024-07-09T02:11:21","guid":{"rendered":"https:\/\/alminutonoticia.com\/noticias\/?p=11845"},"modified":"2024-07-09T02:11:23","modified_gmt":"2024-07-09T02:11:23","slug":"diputado-suplente-eugenio-delgado-renuncia-a-su-posicion-para-asumir-el-cargo-de-alcalde-de-chagres","status":"publish","type":"post","link":"https:\/\/alminutonoticia.com\/noticias\/diputado-suplente-eugenio-delgado-renuncia-a-su-posicion-para-asumir-el-cargo-de-alcalde-de-chagres\/","title":{"rendered":"Diputado suplente Eugenio Delgado renuncia a su posici\u00f3n para asumir el cargo de alcalde de Chagres"},"content":{"rendered":"\n<p>El diputado suplente, del circuito 3-2, en la provincia de Col\u00f3n, Eugenio Delgado P\u00e9rez, mediante misiva le\u00edda por secretar\u00eda general, comunic\u00f3 que renuncia, formalmente, al parlamento para dedicar el tiempo en el ejercicio de la Alcald\u00eda, en el distrito de Chagres.<\/p>\n\n\n\n<p>Seg\u00fan lo dispuesto en la Ley Electoral, Delgado P\u00e9rez, suplente del diputado Nelson Jackson, present\u00f3 su renuncia formal al cargo para el periodo 2024-2029.<\/p>\n\n\n\n<p>El pol\u00edtico tambi\u00e9n fue elegido representante del corregimiento de Salud, en la Costa Abajo de Col\u00f3n.<\/p>\n\n\n\n<p>De acuerdo con el C\u00f3digo Electoral, de obtenerse el triunfo en m\u00e1s de dos cargos en las elecciones generales, el postulado debe elegir solo un puesto de mando.<\/p>\n\n\n\n<figure class=\"wp-block-image size-full\"><a href=\"https:\/\/alminutonoticia.com\/noticias\/wp-content\/uploads\/2024\/07\/edelgado-770x470-1.jpg\"><img fetchpriority=\"high\" decoding=\"async\" width=\"770\" height=\"470\" src=\"https:\/\/alminutonoticia.com\/noticias\/wp-content\/uploads\/2024\/07\/edelgado-770x470-1.jpg\" alt=\"\" class=\"wp-image-11846\" title=\"\" srcset=\"https:\/\/alminutonoticia.com\/noticias\/wp-content\/uploads\/2024\/07\/edelgado-770x470-1.jpg 770w, https:\/\/alminutonoticia.com\/noticias\/wp-content\/uploads\/2024\/07\/edelgado-770x470-1-300x183.jpg 300w, https:\/\/alminutonoticia.com\/noticias\/wp-content\/uploads\/2024\/07\/edelgado-770x470-1-768x469.jpg 768w\" sizes=\"(max-width: 770px) 100vw, 770px\" \/><\/a><\/figure>\n","protected":false},"excerpt":{"rendered":"<p>El diputado suplente, del circuito 3-2, en la provincia de Col\u00f3n, Eugenio Delgado P\u00e9rez, mediante misiva le\u00edda por secretar\u00eda general, comunic\u00f3 que renuncia, formalmente, al parlamento para dedicar el tiempo en el ejercicio de la Alcald\u00eda, en el distrito de Chagres. Seg\u00fan lo dispuesto en la Ley Electoral, Delgado P\u00e9rez, suplente del diputado Nelson Jackson, [&hellip;]<\/p>\n","protected":false},"author":3,"featured_media":11846,"comment_status":"open","ping_status":"open","sticky":false,"template":"","format":"standard","meta":{"footnotes":""},"categories":[36,37],"tags":[],"class_list":["post-11845","post","type-post","status-publish","format-standard","has-post-thumbnail","hentry","category-nacionales","category-politica"],"_links":{"self":[{"href":"https:\/\/alminutonoticia.com\/noticias\/wp-json\/wp\/v2\/posts\/11845","targetHints":{"allow":["GET"]}}],"collection":[{"href":"https:\/\/alminutonoticia.com\/noticias\/wp-json\/wp\/v2\/posts"}],"about":[{"href":"https:\/\/alminutonoticia.com\/noticias\/wp-json\/wp\/v2\/types\/post"}],"author":[{"embeddable":true,"href":"https:\/\/alminutonoticia.com\/noticias\/wp-json\/wp\/v2\/users\/3"}],"replies":[{"embeddable":true,"href":"https:\/\/alminutonoticia.com\/noticias\/wp-json\/wp\/v2\/comments?post=11845"}],"version-history":[{"count":1,"href":"https:\/\/alminutonoticia.com\/noticias\/wp-json\/wp\/v2\/posts\/11845\/revisions"}],"predecessor-version":[{"id":11847,"href":"https:\/\/alminutonoticia.com\/noticias\/wp-json\/wp\/v2\/posts\/11845\/revisions\/11847"}],"wp:featuredmedia":[{"embeddable":true,"href":"https:\/\/alminutonoticia.com\/noticias\/wp-json\/wp\/v2\/media\/11846"}],"wp:attachment":[{"href":"https:\/\/alminutonoticia.com\/noticias\/wp-json\/wp\/v2\/media?parent=11845"}],"wp:term":[{"taxonomy":"category","embeddable":true,"href":"https:\/\/alminutonoticia.com\/noticias\/wp-json\/wp\/v2\/categories?post=11845"},{"taxonomy":"post_tag","embeddable":true,"href":"https:\/\/alminutonoticia.com\/noticias\/wp-json\/wp\/v2\/tags?post=11845"}],"curies":[{"name":"wp","href":"https:\/\/api.w.org\/{rel}","templated":true}]}}