{"id":11826,"date":"2024-07-09T02:03:32","date_gmt":"2024-07-09T02:03:32","guid":{"rendered":"https:\/\/alminutonoticia.com\/noticias\/?p=11826"},"modified":"2024-07-09T02:03:34","modified_gmt":"2024-07-09T02:03:34","slug":"panama-acepta-la-propuesta-de-iniciar-un-proceso-de-integracion-al-mercosur","status":"publish","type":"post","link":"https:\/\/alminutonoticia.com\/noticias\/panama-acepta-la-propuesta-de-iniciar-un-proceso-de-integracion-al-mercosur\/","title":{"rendered":"Panam\u00e1 acepta la propuesta de iniciar un proceso de integraci\u00f3n al Mercosur"},"content":{"rendered":"\n<p>El presidente paname\u00f1o Jos\u00e9 Ra\u00fal Mulino acept\u00f3 la propuesta de iniciar un proceso de integraci\u00f3n al Mercado Com\u00fan del Sur (Mercosur), tras participar de la reuni\u00f3n de jefes de Estado de este bloque de pa\u00edses realizada este 8 de julio de 2024 en Paraguay.<\/p>\n\n\n\n<p>Mulino calific\u00f3 la invitaci\u00f3n que se le ha hecho a Panam\u00e1 como una enorme e hist\u00f3rica oportunidad de estar integrado a una de las mayores econom\u00edas del mundo, donde la parte paname\u00f1a aportar\u00eda a los pa\u00edses de este bloque un mundo de conexiones financieras y log\u00edsticas que incluyen la operaci\u00f3n del Canal de Panam\u00e1 como una de las principales rutas del comercio mundial.<\/p>\n\n\n\n<p>\u201cYo creo en la integraci\u00f3n porque solos en el mundo no somos nada. Y nuestro pa\u00eds tiene un mundo de conexiones y acceso a importantes ciudades del mundo con las que podemos conectar como Singapur, Jap\u00f3n, Corea del Sur, entre otros mercados\u201d, destac\u00f3 Mulino tras aceptar la invitaci\u00f3n a iniciar la integraci\u00f3n con el Mercosur.<\/p>\n\n\n\n<figure class=\"wp-block-image size-full\"><a href=\"https:\/\/alminutonoticia.com\/noticias\/wp-content\/uploads\/2024\/07\/cierto-1-1024x683-1.jpeg\"><img fetchpriority=\"high\" decoding=\"async\" width=\"1024\" height=\"683\" src=\"https:\/\/alminutonoticia.com\/noticias\/wp-content\/uploads\/2024\/07\/cierto-1-1024x683-1.jpeg\" alt=\"\" class=\"wp-image-11827\" title=\"\" srcset=\"https:\/\/alminutonoticia.com\/noticias\/wp-content\/uploads\/2024\/07\/cierto-1-1024x683-1.jpeg 1024w, https:\/\/alminutonoticia.com\/noticias\/wp-content\/uploads\/2024\/07\/cierto-1-1024x683-1-300x200.jpeg 300w, https:\/\/alminutonoticia.com\/noticias\/wp-content\/uploads\/2024\/07\/cierto-1-1024x683-1-768x512.jpeg 768w\" sizes=\"(max-width: 1024px) 100vw, 1024px\" \/><\/a><\/figure>\n\n\n\n<p>Mulino pidi\u00f3 a los presidentes de los pa\u00edses que ya integran el Mercosur la ruta que deber\u00e1 seguir Panam\u00e1 para integrarse a este bloque de pa\u00edses. Pero dej\u00f3 claro que todo ser\u00eda en consenso y coordinaci\u00f3n del sector privado paname\u00f1o, entre ellos productores e industriales.<\/p>\n\n\n\n<p>Mulino tambi\u00e9n aprovech\u00f3 su participaci\u00f3n para destacar las oportunidades que Panam\u00e1 est\u00e1 por abrir a nivel internacional como la construcci\u00f3n de un tren que podr\u00eda ser la punta de lanza para unir todo Centroam\u00e9rica, la canalizaci\u00f3n del R\u00edo Indio que le permitir\u00e1 dotar de m\u00e1s agua al Canal para mantener sus operaciones en temporadas de sequ\u00eda, y la construcci\u00f3n de la tercera pista del aeropuerto internacional que permitir\u00e1 robustecer el exitoso y llamado Hub de las Am\u00e9ricas con m\u00e1s de 15 destinos solo en Sudam\u00e9rica.<\/p>\n\n\n\n<p>Tambi\u00e9n sostuvo que el Canal de Panam\u00e1 pronto anunciar\u00e1 tres proyectos de inversi\u00f3n que no est\u00e1n relacionados al tr\u00e1nsito.<\/p>\n\n\n\n<p>El Mercosur es un proceso de integraci\u00f3n que lideran Argentina, Brasil, Paraguay Y Uruguay, formando un bloque que representa la quinta econom\u00eda del mundo, con m\u00e1s de 271 millones de habitantes y un Producto Interno Bruto de 4.6 trillones de d\u00f3lares.<\/p>\n\n\n\n<figure class=\"wp-block-image size-full\"><a href=\"https:\/\/alminutonoticia.com\/noticias\/wp-content\/uploads\/2024\/07\/mercos-s-770x470-1.jpeg\"><img decoding=\"async\" width=\"770\" height=\"470\" src=\"https:\/\/alminutonoticia.com\/noticias\/wp-content\/uploads\/2024\/07\/mercos-s-770x470-1.jpeg\" alt=\"\" class=\"wp-image-11828\" title=\"\" srcset=\"https:\/\/alminutonoticia.com\/noticias\/wp-content\/uploads\/2024\/07\/mercos-s-770x470-1.jpeg 770w, https:\/\/alminutonoticia.com\/noticias\/wp-content\/uploads\/2024\/07\/mercos-s-770x470-1-300x183.jpeg 300w, https:\/\/alminutonoticia.com\/noticias\/wp-content\/uploads\/2024\/07\/mercos-s-770x470-1-768x469.jpeg 768w\" sizes=\"(max-width: 770px) 100vw, 770px\" \/><\/a><\/figure>\n","protected":false},"excerpt":{"rendered":"<p>El presidente paname\u00f1o Jos\u00e9 Ra\u00fal Mulino acept\u00f3 la propuesta de iniciar un proceso de integraci\u00f3n al Mercado Com\u00fan del Sur (Mercosur), tras participar de la reuni\u00f3n de jefes de Estado de este bloque de pa\u00edses realizada este 8 de julio de 2024 en Paraguay. Mulino calific\u00f3 la invitaci\u00f3n que se le ha hecho a Panam\u00e1 [&hellip;]<\/p>\n","protected":false},"author":3,"featured_media":11828,"comment_status":"open","ping_status":"open","sticky":false,"template":"","format":"standard","meta":{"footnotes":""},"categories":[36,39],"tags":[],"class_list":["post-11826","post","type-post","status-publish","format-standard","has-post-thumbnail","hentry","category-nacionales","category-internacionales"],"_links":{"self":[{"href":"https:\/\/alminutonoticia.com\/noticias\/wp-json\/wp\/v2\/posts\/11826","targetHints":{"allow":["GET"]}}],"collection":[{"href":"https:\/\/alminutonoticia.com\/noticias\/wp-json\/wp\/v2\/posts"}],"about":[{"href":"https:\/\/alminutonoticia.com\/noticias\/wp-json\/wp\/v2\/types\/post"}],"author":[{"embeddable":true,"href":"https:\/\/alminutonoticia.com\/noticias\/wp-json\/wp\/v2\/users\/3"}],"replies":[{"embeddable":true,"href":"https:\/\/alminutonoticia.com\/noticias\/wp-json\/wp\/v2\/comments?post=11826"}],"version-history":[{"count":1,"href":"https:\/\/alminutonoticia.com\/noticias\/wp-json\/wp\/v2\/posts\/11826\/revisions"}],"predecessor-version":[{"id":11829,"href":"https:\/\/alminutonoticia.com\/noticias\/wp-json\/wp\/v2\/posts\/11826\/revisions\/11829"}],"wp:featuredmedia":[{"embeddable":true,"href":"https:\/\/alminutonoticia.com\/noticias\/wp-json\/wp\/v2\/media\/11828"}],"wp:attachment":[{"href":"https:\/\/alminutonoticia.com\/noticias\/wp-json\/wp\/v2\/media?parent=11826"}],"wp:term":[{"taxonomy":"category","embeddable":true,"href":"https:\/\/alminutonoticia.com\/noticias\/wp-json\/wp\/v2\/categories?post=11826"},{"taxonomy":"post_tag","embeddable":true,"href":"https:\/\/alminutonoticia.com\/noticias\/wp-json\/wp\/v2\/tags?post=11826"}],"curies":[{"name":"wp","href":"https:\/\/api.w.org\/{rel}","templated":true}]}}