{"id":11753,"date":"2024-07-05T04:18:42","date_gmt":"2024-07-05T04:18:42","guid":{"rendered":"https:\/\/alminutonoticia.com\/noticias\/?p=11753"},"modified":"2024-07-05T04:18:44","modified_gmt":"2024-07-05T04:18:44","slug":"primera-dama-entrega-sillas-especiales-a-menores-con-paralisis-cerebral","status":"publish","type":"post","link":"https:\/\/alminutonoticia.com\/noticias\/primera-dama-entrega-sillas-especiales-a-menores-con-paralisis-cerebral\/","title":{"rendered":"Primera Dama entrega sillas especiales a menores con par\u00e1lisis cerebral"},"content":{"rendered":"\n<p>La primera dama de la Rep\u00fablica, Maricel Cohen de Mulino, entreg\u00f3 este jueves 4 de julio, donaciones a dos familias cuyos integrantes menores de edad, enfrentan diagn\u00f3stico de par\u00e1lisis cerebral y otras complicaciones de salud.<\/p>\n\n\n\n<p>\u201cPara nosotros es un honor que est\u00e9n aqu\u00ed, este es un Despacho de puertas abiertas, estaremos siempre para los paname\u00f1os con necesidades especiales y\u00a0\u00a0\u00a0\u00a0\u00a0 aqu\u00ed est\u00e1 el resultado de su pedido\u201d, expres\u00f3 la primera dama de la Rep\u00fablica a las abuelas de ambos menores que recibieron la donaci\u00f3n.<\/p>\n\n\n\n<figure class=\"wp-block-image size-full\"><a href=\"https:\/\/alminutonoticia.com\/noticias\/wp-content\/uploads\/2024\/07\/WhatsApp-Image-2024-07-04-at-4.35.14-PM.jpeg\"><img fetchpriority=\"high\" decoding=\"async\" width=\"1009\" height=\"697\" src=\"https:\/\/alminutonoticia.com\/noticias\/wp-content\/uploads\/2024\/07\/WhatsApp-Image-2024-07-04-at-4.35.14-PM.jpeg\" alt=\"\" class=\"wp-image-11754\" title=\"\" srcset=\"https:\/\/alminutonoticia.com\/noticias\/wp-content\/uploads\/2024\/07\/WhatsApp-Image-2024-07-04-at-4.35.14-PM.jpeg 1009w, https:\/\/alminutonoticia.com\/noticias\/wp-content\/uploads\/2024\/07\/WhatsApp-Image-2024-07-04-at-4.35.14-PM-300x207.jpeg 300w, https:\/\/alminutonoticia.com\/noticias\/wp-content\/uploads\/2024\/07\/WhatsApp-Image-2024-07-04-at-4.35.14-PM-768x531.jpeg 768w\" sizes=\"(max-width: 1009px) 100vw, 1009px\" \/><\/a><\/figure>\n\n\n\n<p>La se\u00f1ora Yadira Whittaker, abuela de Christian Calder\u00f3n, quien recibi\u00f3 una silla de rueda especial, mostr\u00f3 su agradecimiento a la primera dama y destac\u00f3 que esta silla le ayudar\u00e1 mucho, incluso para dar sus clases con mayor comodidad.<\/p>\n\n\n\n<p>Por su parte, la se\u00f1ora Elvia Rodr\u00edguez, abuela de Anders Ariza, agradeci\u00f3 a la esposa del presidente por la silla de ba\u00f1o especial que, sin duda, ayudar\u00e1 a la familia y brindar\u00e1 mayor comodidad al menor.&nbsp;&nbsp;<\/p>\n\n\n\n<p>Ambas sillas tienen garant\u00eda de un a\u00f1o. Los proveedores explicaron a los familiares de los menores cada una de las especificaciones.\u00a0\u00a0<\/p>\n\n\n\n<p>El Despacho de la primera dama, mantiene el sistema de recepci\u00f3n de notas para ayudas sociales, a trav\u00e9s, de la direcci\u00f3n de correspondencia en calle cuarta, San Felipe.\u00a0 <\/p>\n\n\n\n<figure class=\"wp-block-image size-full\"><a href=\"https:\/\/alminutonoticia.com\/noticias\/wp-content\/uploads\/2024\/07\/WhatsApp-Image-2024-07-04-at-4.34.53-PM.jpeg\"><img decoding=\"async\" width=\"989\" height=\"676\" src=\"https:\/\/alminutonoticia.com\/noticias\/wp-content\/uploads\/2024\/07\/WhatsApp-Image-2024-07-04-at-4.34.53-PM.jpeg\" alt=\"\" class=\"wp-image-11755\" title=\"\" srcset=\"https:\/\/alminutonoticia.com\/noticias\/wp-content\/uploads\/2024\/07\/WhatsApp-Image-2024-07-04-at-4.34.53-PM.jpeg 989w, https:\/\/alminutonoticia.com\/noticias\/wp-content\/uploads\/2024\/07\/WhatsApp-Image-2024-07-04-at-4.34.53-PM-300x205.jpeg 300w, https:\/\/alminutonoticia.com\/noticias\/wp-content\/uploads\/2024\/07\/WhatsApp-Image-2024-07-04-at-4.34.53-PM-768x525.jpeg 768w\" sizes=\"(max-width: 989px) 100vw, 989px\" \/><\/a><\/figure>\n\n\n\n<p>\u00a0\u00a0<\/p>\n","protected":false},"excerpt":{"rendered":"<p>La primera dama de la Rep\u00fablica, Maricel Cohen de Mulino, entreg\u00f3 este jueves 4 de julio, donaciones a dos familias cuyos integrantes menores de edad, enfrentan diagn\u00f3stico de par\u00e1lisis cerebral y otras complicaciones de salud. \u201cPara nosotros es un honor que est\u00e9n aqu\u00ed, este es un Despacho de puertas abiertas, estaremos siempre para los paname\u00f1os [&hellip;]<\/p>\n","protected":false},"author":3,"featured_media":11754,"comment_status":"open","ping_status":"open","sticky":false,"template":"","format":"standard","meta":{"footnotes":""},"categories":[36],"tags":[],"class_list":["post-11753","post","type-post","status-publish","format-standard","has-post-thumbnail","hentry","category-nacionales"],"_links":{"self":[{"href":"https:\/\/alminutonoticia.com\/noticias\/wp-json\/wp\/v2\/posts\/11753","targetHints":{"allow":["GET"]}}],"collection":[{"href":"https:\/\/alminutonoticia.com\/noticias\/wp-json\/wp\/v2\/posts"}],"about":[{"href":"https:\/\/alminutonoticia.com\/noticias\/wp-json\/wp\/v2\/types\/post"}],"author":[{"embeddable":true,"href":"https:\/\/alminutonoticia.com\/noticias\/wp-json\/wp\/v2\/users\/3"}],"replies":[{"embeddable":true,"href":"https:\/\/alminutonoticia.com\/noticias\/wp-json\/wp\/v2\/comments?post=11753"}],"version-history":[{"count":1,"href":"https:\/\/alminutonoticia.com\/noticias\/wp-json\/wp\/v2\/posts\/11753\/revisions"}],"predecessor-version":[{"id":11756,"href":"https:\/\/alminutonoticia.com\/noticias\/wp-json\/wp\/v2\/posts\/11753\/revisions\/11756"}],"wp:featuredmedia":[{"embeddable":true,"href":"https:\/\/alminutonoticia.com\/noticias\/wp-json\/wp\/v2\/media\/11754"}],"wp:attachment":[{"href":"https:\/\/alminutonoticia.com\/noticias\/wp-json\/wp\/v2\/media?parent=11753"}],"wp:term":[{"taxonomy":"category","embeddable":true,"href":"https:\/\/alminutonoticia.com\/noticias\/wp-json\/wp\/v2\/categories?post=11753"},{"taxonomy":"post_tag","embeddable":true,"href":"https:\/\/alminutonoticia.com\/noticias\/wp-json\/wp\/v2\/tags?post=11753"}],"curies":[{"name":"wp","href":"https:\/\/api.w.org\/{rel}","templated":true}]}}