{"id":11743,"date":"2024-07-05T04:11:12","date_gmt":"2024-07-05T04:11:12","guid":{"rendered":"https:\/\/alminutonoticia.com\/noticias\/?p=11743"},"modified":"2024-07-05T04:11:14","modified_gmt":"2024-07-05T04:11:14","slug":"ministro-jovane-se-reune-con-equipo-para-trazar-hoja-de-ruta-de-trabajo-2024-2029","status":"publish","type":"post","link":"https:\/\/alminutonoticia.com\/noticias\/ministro-jovane-se-reune-con-equipo-para-trazar-hoja-de-ruta-de-trabajo-2024-2029\/","title":{"rendered":"Ministro Jovan\u00e9 se re\u00fane con equipo para trazar hoja de ruta de trabajo 2024-2029"},"content":{"rendered":"\n<p>El ministro de Vivienda y Ordenamiento Territorial (Miviot), Jaime A. Jovan\u00e9 C., reuni\u00f3 a su equipo de trabajo, para la ejecuci\u00f3n de planes y proyectos de alcance nacional, trazando la hoja de ruta del per\u00edodo 2024-2029.<\/p>\n\n\n\n<p>En el encuentro participaron el viceministro de Vivienda, Fernando M\u00e9ndez Peralta; el secretario general, Alcibiades Pinz\u00f3n; el jefe de la Oficina Institucional de Recursos Humanos, Juan De La Ossa y la asesora legal del ministro, Idelcarmen de Palma,&nbsp;coordinadora del Despacho Superior, quienes est\u00e1n comprometidos con la transparencia y conducir un Miviot de puertas abiertas.<\/p>\n\n\n\n<p>Previamente, el ministro Jovan\u00e9 hab\u00eda realizado un breve recorrido por las oficinas en la sede principal,\u00a0donde aprovech\u00f3 para llevar un mensaje a los colaboradores de un compromiso con la poblaci\u00f3n paname\u00f1a y laborar con eficiencia y eficacia.<\/p>\n\n\n\n<p>En las primeras acciones al asumir el cargo, el titular del Miviot gir\u00f3 instrucciones para resolver quejas de algunos manifestantes del proyecto residencial Ciudad Esperanza, en Arraij\u00e1n, donde el director de Desarrollo Social, Guillermo Leblanc, se traslad\u00f3 al punto, en coordinaci\u00f3n con la gobernadora de Panam\u00e1 Oeste, Marylin Vallarino, para escuchar las peticiones de los moradores.&nbsp;<\/p>\n\n\n\n<p>Igualmente, el nuevo encargado de Recursos Humanos est\u00e1 concentrado en atender oportunamente los temas administrativos pendientes, de tipo laboral, como pago del D\u00e9cimo Tercer Mes adeudado y las vacaciones de funcionarios con contratos que cesaron el 30 de junio.<\/p>\n\n\n\n<p>En su discurso de toma de posesi\u00f3n, el presidente de la Rep\u00fablica, Jos\u00e9 Ra\u00fal Mulino, solicit\u00f3 a los nuevos ministros y funcionarios entrantes que se comprometan a hacer las cosas de manera distinta&nbsp;y a volver a enaltecer el valor del servicio p\u00fablico, para salir dentro de cinco a\u00f1os con la frente en alto, habiendo sido parte de una verdadera transformaci\u00f3n del pa\u00eds.<\/p>\n\n\n\n<p>El Miviot, que fue reorganizado mediante la Ley No. 61 de 23 de octubre de 2009, tiene la finalidad de establecer, coordinar y asegurar de manera efectiva la ejecuci\u00f3n de una pol\u00edtica nacional de vivienda y desarrollo urbano destinadas a proporcionar el goce de este derecho social a toda la poblaci\u00f3n, especialmente a los sectores de menores ingresos.<\/p>\n\n\n\n<figure class=\"wp-block-image size-full\"><a href=\"https:\/\/alminutonoticia.com\/noticias\/wp-content\/uploads\/2024\/07\/IMG-20240704-WA0091-1024x684-1.jpg\"><img fetchpriority=\"high\" decoding=\"async\" width=\"1024\" height=\"684\" src=\"https:\/\/alminutonoticia.com\/noticias\/wp-content\/uploads\/2024\/07\/IMG-20240704-WA0091-1024x684-1.jpg\" alt=\"\" class=\"wp-image-11744\" title=\"\" srcset=\"https:\/\/alminutonoticia.com\/noticias\/wp-content\/uploads\/2024\/07\/IMG-20240704-WA0091-1024x684-1.jpg 1024w, https:\/\/alminutonoticia.com\/noticias\/wp-content\/uploads\/2024\/07\/IMG-20240704-WA0091-1024x684-1-300x200.jpg 300w, https:\/\/alminutonoticia.com\/noticias\/wp-content\/uploads\/2024\/07\/IMG-20240704-WA0091-1024x684-1-768x513.jpg 768w\" sizes=\"(max-width: 1024px) 100vw, 1024px\" \/><\/a><\/figure>\n","protected":false},"excerpt":{"rendered":"<p>El ministro de Vivienda y Ordenamiento Territorial (Miviot), Jaime A. Jovan\u00e9 C., reuni\u00f3 a su equipo de trabajo, para la ejecuci\u00f3n de planes y proyectos de alcance nacional, trazando la hoja de ruta del per\u00edodo 2024-2029. En el encuentro participaron el viceministro de Vivienda, Fernando M\u00e9ndez Peralta; el secretario general, Alcibiades Pinz\u00f3n; el jefe de [&hellip;]<\/p>\n","protected":false},"author":3,"featured_media":11744,"comment_status":"open","ping_status":"open","sticky":false,"template":"","format":"standard","meta":{"footnotes":""},"categories":[36],"tags":[],"class_list":["post-11743","post","type-post","status-publish","format-standard","has-post-thumbnail","hentry","category-nacionales"],"_links":{"self":[{"href":"https:\/\/alminutonoticia.com\/noticias\/wp-json\/wp\/v2\/posts\/11743","targetHints":{"allow":["GET"]}}],"collection":[{"href":"https:\/\/alminutonoticia.com\/noticias\/wp-json\/wp\/v2\/posts"}],"about":[{"href":"https:\/\/alminutonoticia.com\/noticias\/wp-json\/wp\/v2\/types\/post"}],"author":[{"embeddable":true,"href":"https:\/\/alminutonoticia.com\/noticias\/wp-json\/wp\/v2\/users\/3"}],"replies":[{"embeddable":true,"href":"https:\/\/alminutonoticia.com\/noticias\/wp-json\/wp\/v2\/comments?post=11743"}],"version-history":[{"count":1,"href":"https:\/\/alminutonoticia.com\/noticias\/wp-json\/wp\/v2\/posts\/11743\/revisions"}],"predecessor-version":[{"id":11745,"href":"https:\/\/alminutonoticia.com\/noticias\/wp-json\/wp\/v2\/posts\/11743\/revisions\/11745"}],"wp:featuredmedia":[{"embeddable":true,"href":"https:\/\/alminutonoticia.com\/noticias\/wp-json\/wp\/v2\/media\/11744"}],"wp:attachment":[{"href":"https:\/\/alminutonoticia.com\/noticias\/wp-json\/wp\/v2\/media?parent=11743"}],"wp:term":[{"taxonomy":"category","embeddable":true,"href":"https:\/\/alminutonoticia.com\/noticias\/wp-json\/wp\/v2\/categories?post=11743"},{"taxonomy":"post_tag","embeddable":true,"href":"https:\/\/alminutonoticia.com\/noticias\/wp-json\/wp\/v2\/tags?post=11743"}],"curies":[{"name":"wp","href":"https:\/\/api.w.org\/{rel}","templated":true}]}}