{"id":11733,"date":"2024-07-05T03:44:47","date_gmt":"2024-07-05T03:44:47","guid":{"rendered":"https:\/\/alminutonoticia.com\/noticias\/?p=11733"},"modified":"2024-07-05T03:44:49","modified_gmt":"2024-07-05T03:44:49","slug":"avanzan-las-olimpiadas-regionales-de-robotica-en-panama","status":"publish","type":"post","link":"https:\/\/alminutonoticia.com\/noticias\/avanzan-las-olimpiadas-regionales-de-robotica-en-panama\/","title":{"rendered":"Avanzan las Olimpiadas Regionales de Rob\u00f3tica en Panam\u00e1"},"content":{"rendered":"\n<p>El Centro Educativo Padre Juan Jos\u00e9 Canovas, de Atalaya, Provincia de Veraguas, fue la sede de la 4ta. Olimpiada Regional de Rob\u00f3tica rumbo a la Olimpiada Nacional que ser\u00e1 a finales de agosto de este a\u00f1o en el Centro de Convenciones Figali.<\/p>\n\n\n\n<p>Un total de 225 estudiantes, 84 equipos y 84 tutores de las provincias de Cocl\u00e9 y Veraguas, entre escuelas oficiales y particulares, participaron de esta cuarta versi\u00f3n, con sus diferentes proyectos enmarcados en la tem\u00e1tica para este a\u00f1o de la Olimpiada Mundial, \u201cAliados de la Tierra\u201d.<\/p>\n\n\n\n<p>Ni\u00f1os y j\u00f3venes entre las edades de 8 a 19 a\u00f1os, participan en las ocho categor\u00edas de esta olimpiada de rob\u00f3tica: misiones rob\u00f3ticas elementary (8-12 a\u00f1os) misiones rob\u00f3ticas junior (11-15 a\u00f1os), misiones rob\u00f3ticas senior (14-19 a\u00f1os), deportes rob\u00f3ticos (11-19 a\u00f1os), futuros ingenieros (14-19 a\u00f1os), futuros innovadores elementary (8-12 a\u00f1os) futuros innovadores junior (11- 15a\u00f1os) y futuros innovadores senior (14-19 a\u00f1os).<\/p>\n\n\n\n<figure class=\"wp-block-image size-full\"><a href=\"https:\/\/alminutonoticia.com\/noticias\/wp-content\/uploads\/2024\/07\/WhatsApp-Image-2024-07-04-at-11.44.46-AM-1024x682-1.jpeg\"><img fetchpriority=\"high\" decoding=\"async\" width=\"1024\" height=\"682\" src=\"https:\/\/alminutonoticia.com\/noticias\/wp-content\/uploads\/2024\/07\/WhatsApp-Image-2024-07-04-at-11.44.46-AM-1024x682-1.jpeg\" alt=\"\" class=\"wp-image-11734\" title=\"\" srcset=\"https:\/\/alminutonoticia.com\/noticias\/wp-content\/uploads\/2024\/07\/WhatsApp-Image-2024-07-04-at-11.44.46-AM-1024x682-1.jpeg 1024w, https:\/\/alminutonoticia.com\/noticias\/wp-content\/uploads\/2024\/07\/WhatsApp-Image-2024-07-04-at-11.44.46-AM-1024x682-1-300x200.jpeg 300w, https:\/\/alminutonoticia.com\/noticias\/wp-content\/uploads\/2024\/07\/WhatsApp-Image-2024-07-04-at-11.44.46-AM-1024x682-1-768x512.jpeg 768w\" sizes=\"(max-width: 1024px) 100vw, 1024px\" \/><\/a><\/figure>\n\n\n\n<p>Neyda Dom\u00ednguez, Directora Ejecutiva de la Fundaci\u00f3n Nacional para el Desarrollo de las STEAM (FUNDESTEAM), calific\u00f3 de exitosa todas las regionales que se est\u00e1n desarrollando y c\u00f3mo ha ido incrementando positivamente la participaci\u00f3n de equipos, estudiantes, entrenadores, docentes y padres de familia.<\/p>\n\n\n\n<p>\u201cYa estuvimos en Panam\u00e1 Oeste, Bocas del Toro, Chiriqu\u00ed y Veraguas, y es maravilloso ver el entusiasmo de los estudiantes y tutores que presentan sus diferentes proyectos rob\u00f3ticos muy novedosos, con soluciones a diferentes problemas del medio ambiente y del diario vivir, dejando en claro que tenemos grandes talentos en el pa\u00eds\u201d, ponder\u00f3 Dom\u00ednguez.<\/p>\n\n\n\n<p>La Directora anunci\u00f3 igualmente que la 5ta. Regional de Rob\u00f3tica ser\u00e1 este viernes, 5 de julio, en Las Tablas, en el CADI Bilingual Academy, donde se espera participen equipos de las escuelas y colegios de Herrera y Los Santos.<\/p>\n\n\n\n<p>Son en total 15 regionales de rob\u00f3tica que se celebrar\u00e1n este a\u00f1o, siendo la \u00faltima el 9 de agosto en el Coronado International School, en Panam\u00e1 Oeste. La Olimpiada Nacional se llevar\u00e1 cabo del 27 al 29 de agosto en el Figali Convention Center, de donde saldr\u00e1 la selecci\u00f3n de rob\u00f3tica, de las ocho categor\u00edas, que representar\u00e1 a Panam\u00e1 en la Mundial de Rob\u00f3tica del 28 al 30 de noviembre en la ciudad de Izmir, Turqu\u00eda.<\/p>\n\n\n\n<div class=\"wp-block-columns is-layout-flex wp-container-core-columns-is-layout-28f84493 wp-block-columns-is-layout-flex\">\n<div class=\"wp-block-column is-layout-flow wp-block-column-is-layout-flow\">\n<figure class=\"wp-block-image size-full\"><a href=\"https:\/\/alminutonoticia.com\/noticias\/wp-content\/uploads\/2024\/07\/WhatsApp-Image-2024-07-04-at-11.44.48-AM-1-1-1024x682-1.jpeg\"><img decoding=\"async\" width=\"1024\" height=\"682\" src=\"https:\/\/alminutonoticia.com\/noticias\/wp-content\/uploads\/2024\/07\/WhatsApp-Image-2024-07-04-at-11.44.48-AM-1-1-1024x682-1.jpeg\" alt=\"\" class=\"wp-image-11735\" title=\"\" srcset=\"https:\/\/alminutonoticia.com\/noticias\/wp-content\/uploads\/2024\/07\/WhatsApp-Image-2024-07-04-at-11.44.48-AM-1-1-1024x682-1.jpeg 1024w, https:\/\/alminutonoticia.com\/noticias\/wp-content\/uploads\/2024\/07\/WhatsApp-Image-2024-07-04-at-11.44.48-AM-1-1-1024x682-1-300x200.jpeg 300w, https:\/\/alminutonoticia.com\/noticias\/wp-content\/uploads\/2024\/07\/WhatsApp-Image-2024-07-04-at-11.44.48-AM-1-1-1024x682-1-768x512.jpeg 768w\" sizes=\"(max-width: 1024px) 100vw, 1024px\" \/><\/a><\/figure>\n<\/div>\n\n\n\n<div class=\"wp-block-column is-layout-flow wp-block-column-is-layout-flow\">\n<figure class=\"wp-block-image size-full\"><a href=\"https:\/\/alminutonoticia.com\/noticias\/wp-content\/uploads\/2024\/07\/WhatsApp-Image-2024-07-04-at-11.44.50-AM-768x1024-1.jpeg\"><img decoding=\"async\" width=\"768\" height=\"1024\" src=\"https:\/\/alminutonoticia.com\/noticias\/wp-content\/uploads\/2024\/07\/WhatsApp-Image-2024-07-04-at-11.44.50-AM-768x1024-1.jpeg\" alt=\"\" class=\"wp-image-11736\" title=\"\" srcset=\"https:\/\/alminutonoticia.com\/noticias\/wp-content\/uploads\/2024\/07\/WhatsApp-Image-2024-07-04-at-11.44.50-AM-768x1024-1.jpeg 768w, https:\/\/alminutonoticia.com\/noticias\/wp-content\/uploads\/2024\/07\/WhatsApp-Image-2024-07-04-at-11.44.50-AM-768x1024-1-225x300.jpeg 225w\" sizes=\"(max-width: 768px) 100vw, 768px\" \/><\/a><\/figure>\n<\/div>\n<\/div>\n\n\n\n<p><\/p>\n","protected":false},"excerpt":{"rendered":"<p>El Centro Educativo Padre Juan Jos\u00e9 Canovas, de Atalaya, Provincia de Veraguas, fue la sede de la 4ta. Olimpiada Regional de Rob\u00f3tica rumbo a la Olimpiada Nacional que ser\u00e1 a finales de agosto de este a\u00f1o en el Centro de Convenciones Figali. Un total de 225 estudiantes, 84 equipos y 84 tutores de las provincias [&hellip;]<\/p>\n","protected":false},"author":3,"featured_media":11735,"comment_status":"open","ping_status":"open","sticky":false,"template":"","format":"standard","meta":{"footnotes":""},"categories":[36,49],"tags":[],"class_list":["post-11733","post","type-post","status-publish","format-standard","has-post-thumbnail","hentry","category-nacionales","category-tecnologia"],"_links":{"self":[{"href":"https:\/\/alminutonoticia.com\/noticias\/wp-json\/wp\/v2\/posts\/11733","targetHints":{"allow":["GET"]}}],"collection":[{"href":"https:\/\/alminutonoticia.com\/noticias\/wp-json\/wp\/v2\/posts"}],"about":[{"href":"https:\/\/alminutonoticia.com\/noticias\/wp-json\/wp\/v2\/types\/post"}],"author":[{"embeddable":true,"href":"https:\/\/alminutonoticia.com\/noticias\/wp-json\/wp\/v2\/users\/3"}],"replies":[{"embeddable":true,"href":"https:\/\/alminutonoticia.com\/noticias\/wp-json\/wp\/v2\/comments?post=11733"}],"version-history":[{"count":1,"href":"https:\/\/alminutonoticia.com\/noticias\/wp-json\/wp\/v2\/posts\/11733\/revisions"}],"predecessor-version":[{"id":11737,"href":"https:\/\/alminutonoticia.com\/noticias\/wp-json\/wp\/v2\/posts\/11733\/revisions\/11737"}],"wp:featuredmedia":[{"embeddable":true,"href":"https:\/\/alminutonoticia.com\/noticias\/wp-json\/wp\/v2\/media\/11735"}],"wp:attachment":[{"href":"https:\/\/alminutonoticia.com\/noticias\/wp-json\/wp\/v2\/media?parent=11733"}],"wp:term":[{"taxonomy":"category","embeddable":true,"href":"https:\/\/alminutonoticia.com\/noticias\/wp-json\/wp\/v2\/categories?post=11733"},{"taxonomy":"post_tag","embeddable":true,"href":"https:\/\/alminutonoticia.com\/noticias\/wp-json\/wp\/v2\/tags?post=11733"}],"curies":[{"name":"wp","href":"https:\/\/api.w.org\/{rel}","templated":true}]}}