{"id":11730,"date":"2024-07-05T03:41:29","date_gmt":"2024-07-05T03:41:29","guid":{"rendered":"https:\/\/alminutonoticia.com\/noticias\/?p=11730"},"modified":"2024-07-05T03:41:31","modified_gmt":"2024-07-05T03:41:31","slug":"boyd-galindo-pronto-se-comunicara-la-situacion-del-ministerio-de-salud","status":"publish","type":"post","link":"https:\/\/alminutonoticia.com\/noticias\/boyd-galindo-pronto-se-comunicara-la-situacion-del-ministerio-de-salud\/","title":{"rendered":"Boyd Galindo: Pronto se comunicar\u00e1 la situaci\u00f3n del Ministerio de Salud"},"content":{"rendered":"\n<p>El Ministro de Salud Fernando Boyd Galindo, manifest\u00f3 que se est\u00e1n reci\u00e9n instalando, evaluando todas las \u00e1reas y realizando visitas a las instalaciones.<\/p>\n\n\n\n<p>\u201cMuy pronto vamos a emitir un comunicado sobre la situaci\u00f3n en la que se encuentra el ministerio, son muchos detalles, pero por ejemplo la deuda a los proveedores sobrepasa los B\/. 360 millones\u201d, dijo Boyd Galindo.<\/p>\n\n\n\n<p>El titular indic\u00f3 que realiz\u00f3 una visita el Hospital Santo Tom\u00e1s que es la parte positiva, en donde se reuni\u00f3 con los m\u00e9dicos y escuch\u00f3 sus necesidades.<\/p>\n\n\n\n<p>En cuanto al Hospital Modular, Boyd Galindo se\u00f1al\u00f3 que \u201cTengo entendido que lo que hay es un cascar\u00f3n y el equipo lo han movido a otros lugares\u201d.<\/p>\n\n\n\n<p>Por otro lado, el ministro de Salud dijo que est\u00e1n coordinando con otras regiones los escases de agua a trav\u00e9s de la construcci\u00f3n de pozos artesanales.<\/p>\n\n\n\n<p>Tambi\u00e9n \u201cEstamos evaluando el tema de la basura que le corresponde al Ministerio de Salud supervisar esta situaci\u00f3n, adem\u00e1s del tratamiento de aguas negras\u201d.<\/p>\n\n\n\n<p>Por \u00faltimo, el ministro de Salud continuar\u00e1 sus visitas en otras \u00e1reas.<\/p>\n\n\n\n<p>Las declaraciones de Boyd Galindo se dieron en la inauguraci\u00f3n del primer Congreso Internacional de Calidad y Seguridad del Paciente 2024.<\/p>\n\n\n\n<figure class=\"wp-block-image size-large\"><a href=\"https:\/\/alminutonoticia.com\/noticias\/wp-content\/uploads\/2024\/07\/Fernando-Boyd-Galindo.jpeg\"><img fetchpriority=\"high\" decoding=\"async\" width=\"1024\" height=\"683\" src=\"https:\/\/alminutonoticia.com\/noticias\/wp-content\/uploads\/2024\/07\/Fernando-Boyd-Galindo-1024x683.jpeg\" alt=\"\" class=\"wp-image-11731\" title=\"\" srcset=\"https:\/\/alminutonoticia.com\/noticias\/wp-content\/uploads\/2024\/07\/Fernando-Boyd-Galindo-1024x683.jpeg 1024w, https:\/\/alminutonoticia.com\/noticias\/wp-content\/uploads\/2024\/07\/Fernando-Boyd-Galindo-300x200.jpeg 300w, https:\/\/alminutonoticia.com\/noticias\/wp-content\/uploads\/2024\/07\/Fernando-Boyd-Galindo-768x512.jpeg 768w, https:\/\/alminutonoticia.com\/noticias\/wp-content\/uploads\/2024\/07\/Fernando-Boyd-Galindo.jpeg 1200w\" sizes=\"(max-width: 1024px) 100vw, 1024px\" \/><\/a><\/figure>\n","protected":false},"excerpt":{"rendered":"<p>El Ministro de Salud Fernando Boyd Galindo, manifest\u00f3 que se est\u00e1n reci\u00e9n instalando, evaluando todas las \u00e1reas y realizando visitas a las instalaciones. \u201cMuy pronto vamos a emitir un comunicado sobre la situaci\u00f3n en la que se encuentra el ministerio, son muchos detalles, pero por ejemplo la deuda a los proveedores sobrepasa los B\/. 360 [&hellip;]<\/p>\n","protected":false},"author":3,"featured_media":11731,"comment_status":"open","ping_status":"open","sticky":false,"template":"","format":"standard","meta":{"footnotes":""},"categories":[45,36],"tags":[],"class_list":["post-11730","post","type-post","status-publish","format-standard","has-post-thumbnail","hentry","category-salud","category-nacionales"],"_links":{"self":[{"href":"https:\/\/alminutonoticia.com\/noticias\/wp-json\/wp\/v2\/posts\/11730","targetHints":{"allow":["GET"]}}],"collection":[{"href":"https:\/\/alminutonoticia.com\/noticias\/wp-json\/wp\/v2\/posts"}],"about":[{"href":"https:\/\/alminutonoticia.com\/noticias\/wp-json\/wp\/v2\/types\/post"}],"author":[{"embeddable":true,"href":"https:\/\/alminutonoticia.com\/noticias\/wp-json\/wp\/v2\/users\/3"}],"replies":[{"embeddable":true,"href":"https:\/\/alminutonoticia.com\/noticias\/wp-json\/wp\/v2\/comments?post=11730"}],"version-history":[{"count":1,"href":"https:\/\/alminutonoticia.com\/noticias\/wp-json\/wp\/v2\/posts\/11730\/revisions"}],"predecessor-version":[{"id":11732,"href":"https:\/\/alminutonoticia.com\/noticias\/wp-json\/wp\/v2\/posts\/11730\/revisions\/11732"}],"wp:featuredmedia":[{"embeddable":true,"href":"https:\/\/alminutonoticia.com\/noticias\/wp-json\/wp\/v2\/media\/11731"}],"wp:attachment":[{"href":"https:\/\/alminutonoticia.com\/noticias\/wp-json\/wp\/v2\/media?parent=11730"}],"wp:term":[{"taxonomy":"category","embeddable":true,"href":"https:\/\/alminutonoticia.com\/noticias\/wp-json\/wp\/v2\/categories?post=11730"},{"taxonomy":"post_tag","embeddable":true,"href":"https:\/\/alminutonoticia.com\/noticias\/wp-json\/wp\/v2\/tags?post=11730"}],"curies":[{"name":"wp","href":"https:\/\/api.w.org\/{rel}","templated":true}]}}