{"id":11700,"date":"2024-07-04T03:21:40","date_gmt":"2024-07-04T03:21:40","guid":{"rendered":"https:\/\/alminutonoticia.com\/noticias\/?p=11700"},"modified":"2024-07-04T03:21:42","modified_gmt":"2024-07-04T03:21:42","slug":"ministro-del-mop-jose-andrade-inspecciona-el-puente-de-las-americas","status":"publish","type":"post","link":"https:\/\/alminutonoticia.com\/noticias\/ministro-del-mop-jose-andrade-inspecciona-el-puente-de-las-americas\/","title":{"rendered":"Ministro del MOP Jos\u00e9 Andrade inspecciona el Puente de Las Am\u00e9ricas"},"content":{"rendered":"\n<p>La noche de ayer, 2 de julio el ministro de Obras P\u00fablica (MOP) Jos\u00e9 Andrade en su primer d\u00eda de trabajo, junto a los equipos conformado por la Direcci\u00f3n Nacional de Estudio y Dise\u00f1o y la Direcci\u00f3n de Proyectos Especiales, as\u00ed como personal del contratista encargado de las obras de mantenimiento, realizaron una inspecci\u00f3n pasada las 9:00 p.m., al Puente de Las Am\u00e9ricas para evaluar los da\u00f1os en este puente.<\/p>\n\n\n\n<p>En esta inspecci\u00f3n se enfocaron en el hueco m\u00e1s grande de la superficie, el cual ha sido protagonista de diversas notas period\u00edsticas.<\/p>\n\n\n\n<p>El director Nacional de Estudio y Dise\u00f1o se\u00f1al\u00f3, que a corto plazo se implementar\u00e1 una soluci\u00f3n en la que se colocar\u00e1 una formaleta con madera machimbrada por medio de la cual se podr\u00e1 realizar un vaciado con concreto a 24 horas, trabajo que se estar\u00e1 programando de inmediato.<\/p>\n\n\n\n<figure class=\"wp-block-image size-full\"><a href=\"https:\/\/alminutonoticia.com\/noticias\/wp-content\/uploads\/2024\/07\/GRj2As-bcAA7C5t.jpg\"><img fetchpriority=\"high\" decoding=\"async\" width=\"360\" height=\"240\" src=\"https:\/\/alminutonoticia.com\/noticias\/wp-content\/uploads\/2024\/07\/GRj2As-bcAA7C5t.jpg\" alt=\"\" class=\"wp-image-11701\" title=\"\" srcset=\"https:\/\/alminutonoticia.com\/noticias\/wp-content\/uploads\/2024\/07\/GRj2As-bcAA7C5t.jpg 360w, https:\/\/alminutonoticia.com\/noticias\/wp-content\/uploads\/2024\/07\/GRj2As-bcAA7C5t-300x200.jpg 300w\" sizes=\"(max-width: 360px) 100vw, 360px\" \/><\/a><\/figure>\n","protected":false},"excerpt":{"rendered":"<p>La noche de ayer, 2 de julio el ministro de Obras P\u00fablica (MOP) Jos\u00e9 Andrade en su primer d\u00eda de trabajo, junto a los equipos conformado por la Direcci\u00f3n Nacional de Estudio y Dise\u00f1o y la Direcci\u00f3n de Proyectos Especiales, as\u00ed como personal del contratista encargado de las obras de mantenimiento, realizaron una inspecci\u00f3n pasada [&hellip;]<\/p>\n","protected":false},"author":3,"featured_media":11701,"comment_status":"open","ping_status":"open","sticky":false,"template":"","format":"standard","meta":{"footnotes":""},"categories":[36],"tags":[],"class_list":["post-11700","post","type-post","status-publish","format-standard","has-post-thumbnail","hentry","category-nacionales"],"_links":{"self":[{"href":"https:\/\/alminutonoticia.com\/noticias\/wp-json\/wp\/v2\/posts\/11700","targetHints":{"allow":["GET"]}}],"collection":[{"href":"https:\/\/alminutonoticia.com\/noticias\/wp-json\/wp\/v2\/posts"}],"about":[{"href":"https:\/\/alminutonoticia.com\/noticias\/wp-json\/wp\/v2\/types\/post"}],"author":[{"embeddable":true,"href":"https:\/\/alminutonoticia.com\/noticias\/wp-json\/wp\/v2\/users\/3"}],"replies":[{"embeddable":true,"href":"https:\/\/alminutonoticia.com\/noticias\/wp-json\/wp\/v2\/comments?post=11700"}],"version-history":[{"count":1,"href":"https:\/\/alminutonoticia.com\/noticias\/wp-json\/wp\/v2\/posts\/11700\/revisions"}],"predecessor-version":[{"id":11702,"href":"https:\/\/alminutonoticia.com\/noticias\/wp-json\/wp\/v2\/posts\/11700\/revisions\/11702"}],"wp:featuredmedia":[{"embeddable":true,"href":"https:\/\/alminutonoticia.com\/noticias\/wp-json\/wp\/v2\/media\/11701"}],"wp:attachment":[{"href":"https:\/\/alminutonoticia.com\/noticias\/wp-json\/wp\/v2\/media?parent=11700"}],"wp:term":[{"taxonomy":"category","embeddable":true,"href":"https:\/\/alminutonoticia.com\/noticias\/wp-json\/wp\/v2\/categories?post=11700"},{"taxonomy":"post_tag","embeddable":true,"href":"https:\/\/alminutonoticia.com\/noticias\/wp-json\/wp\/v2\/tags?post=11700"}],"curies":[{"name":"wp","href":"https:\/\/api.w.org\/{rel}","templated":true}]}}