{"id":11697,"date":"2024-07-04T03:14:57","date_gmt":"2024-07-04T03:14:57","guid":{"rendered":"https:\/\/alminutonoticia.com\/noticias\/?p=11697"},"modified":"2024-07-04T03:14:59","modified_gmt":"2024-07-04T03:14:59","slug":"mulino-juramenta-a-los-gobernadores","status":"publish","type":"post","link":"https:\/\/alminutonoticia.com\/noticias\/mulino-juramenta-a-los-gobernadores\/","title":{"rendered":"Mulino juramenta a los gobernadores"},"content":{"rendered":"\n<p>La ma\u00f1ana de este 3 de julio, el presidente de la Rep\u00fablica, Jos\u00e9 Ra\u00fal Mulino, jurament\u00f3 a los gobernadores de las provincias y comarcas del pa\u00eds para el quinquenio 2024-2029.<\/p>\n\n\n\n<p>El acto se realiz\u00f3 en el Sal\u00f3n Amarillo de la Presidencia de la Rep\u00fablica. \u00abEstos nuevos gobernadores asumir\u00e1n sus cargos con la misi\u00f3n de fortalecer la presencia del gobierno en sus \u00e1reas. Fomentar el desarrollo y la cohesi\u00f3n social a trav\u00e9s de la eficiente administraci\u00f3n de los recursos y la colaboraci\u00f3n estrecha con las comunidades locales\u00bb, detalla un comunicado.<\/p>\n\n\n\n<p>En tanto, Mulino les record\u00f3 que son fundamentales y les dar\u00e1 todo el apoyo, pero a la vez les pidi\u00f3 que se dediquen a \u00abtrabajar, trabajar y trabajar\u00bb.<\/p>\n\n\n\n<p>Tambi\u00e9n les solicit\u00f3 que sus gobernaciones no sean trincheras de aspiraciones pol\u00edticas, porque eso retrasar\u00eda el programa de gobierno.<\/p>\n\n\n\n<p><strong>Nuevos Gobernadores de provincias y comarcas:<\/strong><\/p>\n\n\n\n<ul class=\"wp-block-list\">\n<li>May\u00edn Correa Delgado \u2013 Gobernadora de Panam\u00e1<\/li>\n\n\n\n<li>Aixa Santamar\u00eda Mu\u00f1oz \u2013 Gobernadora de Chiriqu\u00ed<\/li>\n\n\n\n<li>Arnulfo D\u00edaz De Le\u00f3n \u2013 Gobernador de la Provincia de Dari\u00e9n<\/li>\n\n\n\n<li>El\u00edas Corro Cano \u2013 Gobernador de Herrera<\/li>\n\n\n\n<li>Edgardo Ram\u00f3n Ibarra \u2013 Gobernador de Bocas del Toro<\/li>\n\n\n\n<li>Irving Alberto Gonz\u00e1lez Mart\u00ednez \u2013 Gobernador de Cocl\u00e9<\/li>\n\n\n\n<li>Julio Hern\u00e1ndez Gregoire \u2013 Gobernador de Col\u00f3n<\/li>\n\n\n\n<li>Fernando Gonz\u00e1lez B. \u2013 Gobernador de Los Santos<\/li>\n\n\n\n<li>Marilyn Vallarino de Sellhorn \u2013 Gobernadora de Panam\u00e1 Oeste<\/li>\n\n\n\n<li>Hildemarta Riera D\u00edaz \u2013 Gobernadora de la Provincia de Veraguas<\/li>\n\n\n\n<li>Ram\u00f3n Mendoza \u2013 Gobernador de la comarca Ngabe Bugl\u00e9<\/li>\n\n\n\n<li>Raquela Carpio Degaiza \u2013 Gobernadora de la comarca Ember\u00e1-Wounaan<\/li>\n\n\n\n<li>Elizandro Hern\u00e1ndez Morales \u2013 Gobernador de la Comarca Guna Yala.<\/li>\n<\/ul>\n\n\n\n<p>Las designaciones de las gobernadoras My\u00edn Correa y Marilyn Vallarino indignaron a los internautas. De Correa hay quienes sostienen que es muy mayor para el cargo, ya que cuenta con 88 a\u00f1os.<\/p>\n\n\n\n<p>En tanto, de Vallarino hay quienes sostienen que el electorado de Panam\u00e1 Oeste no la quiso; sin embargo, el presidente Mulino la premi\u00f3 con una gobernaci\u00f3n. Por esa designaci\u00f3n hubo protestas en Panam\u00e1 Oeste.<\/p>\n\n\n\n<figure class=\"wp-block-image size-full\"><a href=\"https:\/\/alminutonoticia.com\/noticias\/wp-content\/uploads\/2024\/07\/gobernadoree-s-770x470-1.jpg\"><img fetchpriority=\"high\" decoding=\"async\" width=\"770\" height=\"470\" src=\"https:\/\/alminutonoticia.com\/noticias\/wp-content\/uploads\/2024\/07\/gobernadoree-s-770x470-1.jpg\" alt=\"\" class=\"wp-image-11698\" title=\"\" srcset=\"https:\/\/alminutonoticia.com\/noticias\/wp-content\/uploads\/2024\/07\/gobernadoree-s-770x470-1.jpg 770w, https:\/\/alminutonoticia.com\/noticias\/wp-content\/uploads\/2024\/07\/gobernadoree-s-770x470-1-300x183.jpg 300w, https:\/\/alminutonoticia.com\/noticias\/wp-content\/uploads\/2024\/07\/gobernadoree-s-770x470-1-768x469.jpg 768w\" sizes=\"(max-width: 770px) 100vw, 770px\" \/><\/a><\/figure>\n","protected":false},"excerpt":{"rendered":"<p>La ma\u00f1ana de este 3 de julio, el presidente de la Rep\u00fablica, Jos\u00e9 Ra\u00fal Mulino, jurament\u00f3 a los gobernadores de las provincias y comarcas del pa\u00eds para el quinquenio 2024-2029. El acto se realiz\u00f3 en el Sal\u00f3n Amarillo de la Presidencia de la Rep\u00fablica. \u00abEstos nuevos gobernadores asumir\u00e1n sus cargos con la misi\u00f3n de fortalecer [&hellip;]<\/p>\n","protected":false},"author":3,"featured_media":11698,"comment_status":"open","ping_status":"open","sticky":false,"template":"","format":"standard","meta":{"footnotes":""},"categories":[36],"tags":[],"class_list":["post-11697","post","type-post","status-publish","format-standard","has-post-thumbnail","hentry","category-nacionales"],"_links":{"self":[{"href":"https:\/\/alminutonoticia.com\/noticias\/wp-json\/wp\/v2\/posts\/11697","targetHints":{"allow":["GET"]}}],"collection":[{"href":"https:\/\/alminutonoticia.com\/noticias\/wp-json\/wp\/v2\/posts"}],"about":[{"href":"https:\/\/alminutonoticia.com\/noticias\/wp-json\/wp\/v2\/types\/post"}],"author":[{"embeddable":true,"href":"https:\/\/alminutonoticia.com\/noticias\/wp-json\/wp\/v2\/users\/3"}],"replies":[{"embeddable":true,"href":"https:\/\/alminutonoticia.com\/noticias\/wp-json\/wp\/v2\/comments?post=11697"}],"version-history":[{"count":1,"href":"https:\/\/alminutonoticia.com\/noticias\/wp-json\/wp\/v2\/posts\/11697\/revisions"}],"predecessor-version":[{"id":11699,"href":"https:\/\/alminutonoticia.com\/noticias\/wp-json\/wp\/v2\/posts\/11697\/revisions\/11699"}],"wp:featuredmedia":[{"embeddable":true,"href":"https:\/\/alminutonoticia.com\/noticias\/wp-json\/wp\/v2\/media\/11698"}],"wp:attachment":[{"href":"https:\/\/alminutonoticia.com\/noticias\/wp-json\/wp\/v2\/media?parent=11697"}],"wp:term":[{"taxonomy":"category","embeddable":true,"href":"https:\/\/alminutonoticia.com\/noticias\/wp-json\/wp\/v2\/categories?post=11697"},{"taxonomy":"post_tag","embeddable":true,"href":"https:\/\/alminutonoticia.com\/noticias\/wp-json\/wp\/v2\/tags?post=11697"}],"curies":[{"name":"wp","href":"https:\/\/api.w.org\/{rel}","templated":true}]}}