{"id":11664,"date":"2024-07-03T03:00:59","date_gmt":"2024-07-03T03:00:59","guid":{"rendered":"https:\/\/alminutonoticia.com\/noticias\/?p=11664"},"modified":"2024-07-03T03:01:01","modified_gmt":"2024-07-03T03:01:01","slug":"este-es-el-pueblo-que-le-otorgo-riquezas-a-la-nacion-pero-que-sigue-siendo-pobre-senala-nuevo-alcalde-de-donoso","status":"publish","type":"post","link":"https:\/\/alminutonoticia.com\/noticias\/este-es-el-pueblo-que-le-otorgo-riquezas-a-la-nacion-pero-que-sigue-siendo-pobre-senala-nuevo-alcalde-de-donoso\/","title":{"rendered":"\u00bb Este es el pueblo que le otorg\u00f3 riquezas a la Naci\u00f3n, pero que sigue siendo pobre\u00bb, se\u00f1ala nuevo Alcalde de Donoso"},"content":{"rendered":"\n<p>Con el firme convencimiento de llevar progreso y desarrollo, Edilberto Medina tom\u00f3 posesi\u00f3n este martes de la Alcald\u00eda del distrito de Donoso, en la provincia de Col\u00f3n.<\/p>\n\n\n\n<p>Medina fue juramentado por el nuevo presidente del Concejo Municipal de Donoso, Fernando Johnson, quien es el representante del corregimiento de R\u00edo Indio.<\/p>\n\n\n\n<p>Durante el discurso que pronunci\u00f3 al asumir el cargo, Medina, agradeci\u00f3 el apoyo de su familia, de los pobladores de Donoso y del equipo de trabajo que le acompa\u00f1\u00f3 antes y durante la campa\u00f1a electoral.<\/p>\n\n\n\n<p>\u00abUstedes me conocen, soy el mismo, que naci\u00f3, creci\u00f3 y se cri\u00f3 en nuestro distrito. Estoy muy orgulloso, porque el pueblo de Donoso me ha dado la oportunidad sagrada de ser su Alcalde\u00bb, se\u00f1al\u00f3 Medina.<\/p>\n\n\n\n<figure class=\"wp-block-image size-large\"><a href=\"https:\/\/alminutonoticia.com\/noticias\/wp-content\/uploads\/2024\/07\/WhatsApp-Image-2024-07-02-at-6.45.30-PM.jpeg\"><img fetchpriority=\"high\" decoding=\"async\" width=\"1024\" height=\"607\" src=\"https:\/\/alminutonoticia.com\/noticias\/wp-content\/uploads\/2024\/07\/WhatsApp-Image-2024-07-02-at-6.45.30-PM-1024x607.jpeg\" alt=\"\" class=\"wp-image-11667\" title=\"\" srcset=\"https:\/\/alminutonoticia.com\/noticias\/wp-content\/uploads\/2024\/07\/WhatsApp-Image-2024-07-02-at-6.45.30-PM-1024x607.jpeg 1024w, https:\/\/alminutonoticia.com\/noticias\/wp-content\/uploads\/2024\/07\/WhatsApp-Image-2024-07-02-at-6.45.30-PM-300x178.jpeg 300w, https:\/\/alminutonoticia.com\/noticias\/wp-content\/uploads\/2024\/07\/WhatsApp-Image-2024-07-02-at-6.45.30-PM-768x455.jpeg 768w, https:\/\/alminutonoticia.com\/noticias\/wp-content\/uploads\/2024\/07\/WhatsApp-Image-2024-07-02-at-6.45.30-PM.jpeg 1390w\" sizes=\"(max-width: 1024px) 100vw, 1024px\" \/><\/a><\/figure>\n\n\n\n<p>Asegur\u00f3 que su despacho ser\u00e1 de puertas abiertas, se\u00f1alando que trabajar\u00e1 \u00abpara cambiar todo el distrito\u00bb, y cada uno de sus cinco corregimientos: Miguel de la Borda, Cocl\u00e9 del Norte, El Gu\u00e1simo, Gobea y R\u00edo Indio, apoyando a cada uno de sus representantes de corregimiento para \u00abuna transformaci\u00f3n integral del distrito\u00bb, y que la prosperidad y el desarrollo llegue a cada morador de estas comunidades.<\/p>\n\n\n\n<p>Medina formul\u00f3 un llamado al presidente de la Rep\u00fablica, Jos\u00e9 Ra\u00fal Mulino, para que en las decisiones que se tomen bajo su administraci\u00f3n, y que involucren al distrito de Donoso, se tome en cuenta el pensar y sentir de su poblaci\u00f3n.<\/p>\n\n\n\n<p>\u00abEste es el pueblo que le otorga riquezas a la Naci\u00f3n, pero que su gente sigue siendo pobre\u00bb, apunt\u00f3 el nuevo Alcalde. En el distrito de Donoso se ubica la mina de cobre cuya actividad fue paralizada a finales del pasado a\u00f1o.<\/p>\n\n\n\n<p>El alcalde Medina se\u00f1al\u00f3 que los cambios que propone se deben hacer entre todos, por lo que pidi\u00f3 a la poblaci\u00f3n de Donoso que se involucre y se creen esas soluciones de manera conjunta. \u00abMi \u00fanico objetivo es que cada d\u00eda podamos vivir mejor y vamos a trabajar para que eso suceda\u00bb, precis\u00f3.<\/p>\n\n\n\n<figure class=\"wp-block-image size-full\"><a href=\"https:\/\/alminutonoticia.com\/noticias\/wp-content\/uploads\/2024\/07\/WhatsApp-Image-2024-07-02-at-6.45.29-PM.jpeg\"><img decoding=\"async\" width=\"1388\" height=\"902\" src=\"https:\/\/alminutonoticia.com\/noticias\/wp-content\/uploads\/2024\/07\/WhatsApp-Image-2024-07-02-at-6.45.29-PM.jpeg\" alt=\"\" class=\"wp-image-11666\" title=\"\" srcset=\"https:\/\/alminutonoticia.com\/noticias\/wp-content\/uploads\/2024\/07\/WhatsApp-Image-2024-07-02-at-6.45.29-PM.jpeg 1388w, https:\/\/alminutonoticia.com\/noticias\/wp-content\/uploads\/2024\/07\/WhatsApp-Image-2024-07-02-at-6.45.29-PM-300x195.jpeg 300w, https:\/\/alminutonoticia.com\/noticias\/wp-content\/uploads\/2024\/07\/WhatsApp-Image-2024-07-02-at-6.45.29-PM-1024x665.jpeg 1024w, https:\/\/alminutonoticia.com\/noticias\/wp-content\/uploads\/2024\/07\/WhatsApp-Image-2024-07-02-at-6.45.29-PM-768x499.jpeg 768w\" sizes=\"(max-width: 1388px) 100vw, 1388px\" \/><\/a><\/figure>\n\n\n\n<figure class=\"wp-block-image size-large\"><a href=\"https:\/\/alminutonoticia.com\/noticias\/wp-content\/uploads\/2024\/07\/WhatsApp-Image-2024-07-02-at-6.45.31-PM.jpeg\"><img decoding=\"async\" width=\"1024\" height=\"711\" src=\"https:\/\/alminutonoticia.com\/noticias\/wp-content\/uploads\/2024\/07\/WhatsApp-Image-2024-07-02-at-6.45.31-PM-1024x711.jpeg\" alt=\"\" class=\"wp-image-11668\" title=\"\" srcset=\"https:\/\/alminutonoticia.com\/noticias\/wp-content\/uploads\/2024\/07\/WhatsApp-Image-2024-07-02-at-6.45.31-PM-1024x711.jpeg 1024w, https:\/\/alminutonoticia.com\/noticias\/wp-content\/uploads\/2024\/07\/WhatsApp-Image-2024-07-02-at-6.45.31-PM-300x208.jpeg 300w, https:\/\/alminutonoticia.com\/noticias\/wp-content\/uploads\/2024\/07\/WhatsApp-Image-2024-07-02-at-6.45.31-PM-768x533.jpeg 768w, https:\/\/alminutonoticia.com\/noticias\/wp-content\/uploads\/2024\/07\/WhatsApp-Image-2024-07-02-at-6.45.31-PM.jpeg 1193w\" sizes=\"(max-width: 1024px) 100vw, 1024px\" \/><\/a><\/figure>\n","protected":false},"excerpt":{"rendered":"<p>Con el firme convencimiento de llevar progreso y desarrollo, Edilberto Medina tom\u00f3 posesi\u00f3n este martes de la Alcald\u00eda del distrito de Donoso, en la provincia de Col\u00f3n. Medina fue juramentado por el nuevo presidente del Concejo Municipal de Donoso, Fernando Johnson, quien es el representante del corregimiento de R\u00edo Indio. Durante el discurso que pronunci\u00f3 [&hellip;]<\/p>\n","protected":false},"author":3,"featured_media":11668,"comment_status":"open","ping_status":"open","sticky":false,"template":"","format":"standard","meta":{"footnotes":""},"categories":[37,36],"tags":[],"class_list":["post-11664","post","type-post","status-publish","format-standard","has-post-thumbnail","hentry","category-politica","category-nacionales"],"_links":{"self":[{"href":"https:\/\/alminutonoticia.com\/noticias\/wp-json\/wp\/v2\/posts\/11664","targetHints":{"allow":["GET"]}}],"collection":[{"href":"https:\/\/alminutonoticia.com\/noticias\/wp-json\/wp\/v2\/posts"}],"about":[{"href":"https:\/\/alminutonoticia.com\/noticias\/wp-json\/wp\/v2\/types\/post"}],"author":[{"embeddable":true,"href":"https:\/\/alminutonoticia.com\/noticias\/wp-json\/wp\/v2\/users\/3"}],"replies":[{"embeddable":true,"href":"https:\/\/alminutonoticia.com\/noticias\/wp-json\/wp\/v2\/comments?post=11664"}],"version-history":[{"count":1,"href":"https:\/\/alminutonoticia.com\/noticias\/wp-json\/wp\/v2\/posts\/11664\/revisions"}],"predecessor-version":[{"id":11669,"href":"https:\/\/alminutonoticia.com\/noticias\/wp-json\/wp\/v2\/posts\/11664\/revisions\/11669"}],"wp:featuredmedia":[{"embeddable":true,"href":"https:\/\/alminutonoticia.com\/noticias\/wp-json\/wp\/v2\/media\/11668"}],"wp:attachment":[{"href":"https:\/\/alminutonoticia.com\/noticias\/wp-json\/wp\/v2\/media?parent=11664"}],"wp:term":[{"taxonomy":"category","embeddable":true,"href":"https:\/\/alminutonoticia.com\/noticias\/wp-json\/wp\/v2\/categories?post=11664"},{"taxonomy":"post_tag","embeddable":true,"href":"https:\/\/alminutonoticia.com\/noticias\/wp-json\/wp\/v2\/tags?post=11664"}],"curies":[{"name":"wp","href":"https:\/\/api.w.org\/{rel}","templated":true}]}}