{"id":11623,"date":"2024-07-02T10:48:39","date_gmt":"2024-07-02T10:48:39","guid":{"rendered":"https:\/\/alminutonoticia.com\/noticias\/?p=11623"},"modified":"2024-07-02T10:48:41","modified_gmt":"2024-07-02T10:48:41","slug":"mulino-se-reune-con-el-rey-felipe-vi-y-se-comprometen-estrechar-relaciones-entre-panama-y-espana","status":"publish","type":"post","link":"https:\/\/alminutonoticia.com\/noticias\/mulino-se-reune-con-el-rey-felipe-vi-y-se-comprometen-estrechar-relaciones-entre-panama-y-espana\/","title":{"rendered":"Mulino se re\u00fane con el rey Felipe VI y se comprometen estrechar relaciones entre Panam\u00e1 y Espa\u00f1a"},"content":{"rendered":"\n<p>El presidente de la Rep\u00fablica de Panam\u00e1 Jos\u00e9 Ra\u00fal Mulino y S.M. Felipe VI, Rey de Espa\u00f1a mantuvieron un encuentro bilateral donde coincidieron en la necesidad de profundizar acuerdos de cooperaci\u00f3n y fortalecer los lazos culturales entre Panam\u00e1 y Espa\u00f1a.<\/p>\n\n\n\n<p>S.M. Felipe VI mostr\u00f3 un inter\u00e9s en la crisis humanitaria del Dari\u00e9n y en las medidas de mitigaci\u00f3n para enfrentar el cambio clim\u00e1tico. Adem\u00e1s reiter\u00f3 la voluntad de entrelazar las relaciones de Estado a Estado y promover las inversiones del sector privado.<\/p>\n\n\n\n<p>Por su parte, el presidente Mulino coincidi\u00f3 en la implementaci\u00f3n de estrategias para garantizar la calidad y disponibilidad del agua en Canal de Panam\u00e1.<\/p>\n\n\n\n<p>Tambi\u00e9n se refiri\u00f3 a la experiencia de Espa\u00f1a en los sistemas de metro y ferrocarril que podr\u00edan ser referencia para la construcci\u00f3n del Tren Panam\u00e1- David obra insignia de su gesti\u00f3n.<\/p>\n\n\n\n<figure class=\"wp-block-image size-full\"><a href=\"https:\/\/alminutonoticia.com\/noticias\/wp-content\/uploads\/2024\/07\/espana-733x470-1.jpg\"><img fetchpriority=\"high\" decoding=\"async\" width=\"733\" height=\"470\" src=\"https:\/\/alminutonoticia.com\/noticias\/wp-content\/uploads\/2024\/07\/espana-733x470-1.jpg\" alt=\"\" class=\"wp-image-11624\" title=\"\" srcset=\"https:\/\/alminutonoticia.com\/noticias\/wp-content\/uploads\/2024\/07\/espana-733x470-1.jpg 733w, https:\/\/alminutonoticia.com\/noticias\/wp-content\/uploads\/2024\/07\/espana-733x470-1-300x192.jpg 300w\" sizes=\"(max-width: 733px) 100vw, 733px\" \/><\/a><\/figure>\n","protected":false},"excerpt":{"rendered":"<p>El presidente de la Rep\u00fablica de Panam\u00e1 Jos\u00e9 Ra\u00fal Mulino y S.M. Felipe VI, Rey de Espa\u00f1a mantuvieron un encuentro bilateral donde coincidieron en la necesidad de profundizar acuerdos de cooperaci\u00f3n y fortalecer los lazos culturales entre Panam\u00e1 y Espa\u00f1a. S.M. Felipe VI mostr\u00f3 un inter\u00e9s en la crisis humanitaria del Dari\u00e9n y en las [&hellip;]<\/p>\n","protected":false},"author":3,"featured_media":11624,"comment_status":"open","ping_status":"open","sticky":false,"template":"","format":"standard","meta":{"footnotes":""},"categories":[39,36],"tags":[],"class_list":["post-11623","post","type-post","status-publish","format-standard","has-post-thumbnail","hentry","category-internacionales","category-nacionales"],"_links":{"self":[{"href":"https:\/\/alminutonoticia.com\/noticias\/wp-json\/wp\/v2\/posts\/11623","targetHints":{"allow":["GET"]}}],"collection":[{"href":"https:\/\/alminutonoticia.com\/noticias\/wp-json\/wp\/v2\/posts"}],"about":[{"href":"https:\/\/alminutonoticia.com\/noticias\/wp-json\/wp\/v2\/types\/post"}],"author":[{"embeddable":true,"href":"https:\/\/alminutonoticia.com\/noticias\/wp-json\/wp\/v2\/users\/3"}],"replies":[{"embeddable":true,"href":"https:\/\/alminutonoticia.com\/noticias\/wp-json\/wp\/v2\/comments?post=11623"}],"version-history":[{"count":1,"href":"https:\/\/alminutonoticia.com\/noticias\/wp-json\/wp\/v2\/posts\/11623\/revisions"}],"predecessor-version":[{"id":11625,"href":"https:\/\/alminutonoticia.com\/noticias\/wp-json\/wp\/v2\/posts\/11623\/revisions\/11625"}],"wp:featuredmedia":[{"embeddable":true,"href":"https:\/\/alminutonoticia.com\/noticias\/wp-json\/wp\/v2\/media\/11624"}],"wp:attachment":[{"href":"https:\/\/alminutonoticia.com\/noticias\/wp-json\/wp\/v2\/media?parent=11623"}],"wp:term":[{"taxonomy":"category","embeddable":true,"href":"https:\/\/alminutonoticia.com\/noticias\/wp-json\/wp\/v2\/categories?post=11623"},{"taxonomy":"post_tag","embeddable":true,"href":"https:\/\/alminutonoticia.com\/noticias\/wp-json\/wp\/v2\/tags?post=11623"}],"curies":[{"name":"wp","href":"https:\/\/api.w.org\/{rel}","templated":true}]}}