{"id":11616,"date":"2024-07-02T10:30:30","date_gmt":"2024-07-02T10:30:30","guid":{"rendered":"https:\/\/alminutonoticia.com\/noticias\/?p=11616"},"modified":"2024-07-02T10:30:34","modified_gmt":"2024-07-02T10:30:34","slug":"dana-castaneda-es-elegida-presidenta-de-la-asamblea-nacional-vence-a-walkiria-chandler-44-26","status":"publish","type":"post","link":"https:\/\/alminutonoticia.com\/noticias\/dana-castaneda-es-elegida-presidenta-de-la-asamblea-nacional-vence-a-walkiria-chandler-44-26\/","title":{"rendered":"Dana Casta\u00f1eda es elegida presidenta de la Asamblea Nacional, vence a Walkiria Chandler 44-26"},"content":{"rendered":"\n<p>Luego de la izada de la Bandera Nacional y la juramentaci\u00f3n de los diputados en la Asamblea Nacional (AN), se realiz\u00f3 la votaci\u00f3n para la escogencia de la nueva presidenta de este \u00f3rgano del Estado.<\/p>\n\n\n\n<p>En esta ocasi\u00f3n, el diputado Augusto Palacios y miembro de la bancada independiente Vamos, postul\u00f3 a Walkiria Chandler como candidata a presidenta de la Asamblea Nacional.<\/p>\n\n\n\n<p>En tanto, el diputado Ronald De Gracia nomin\u00f3 a la diputada Dana Casta\u00f1eda, del partido Realizando Metas, para presidir la AN.<\/p>\n\n\n\n<figure class=\"wp-block-image size-full\"><a href=\"https:\/\/alminutonoticia.com\/noticias\/wp-content\/uploads\/2024\/07\/chan2-1024x683-1.jpeg\"><img fetchpriority=\"high\" decoding=\"async\" width=\"1024\" height=\"683\" src=\"https:\/\/alminutonoticia.com\/noticias\/wp-content\/uploads\/2024\/07\/chan2-1024x683-1.jpeg\" alt=\"\" class=\"wp-image-11617\" title=\"\" srcset=\"https:\/\/alminutonoticia.com\/noticias\/wp-content\/uploads\/2024\/07\/chan2-1024x683-1.jpeg 1024w, https:\/\/alminutonoticia.com\/noticias\/wp-content\/uploads\/2024\/07\/chan2-1024x683-1-300x200.jpeg 300w, https:\/\/alminutonoticia.com\/noticias\/wp-content\/uploads\/2024\/07\/chan2-1024x683-1-768x512.jpeg 768w\" sizes=\"(max-width: 1024px) 100vw, 1024px\" \/><\/a><\/figure>\n\n\n\n<p>Walkiria Chandler.<\/p>\n\n\n\n<p>70 diputados votaron, y el resultado fue a favor de la diputada del circuito 2-3 (Casta\u00f1eda), quien obtuvo 44 votos, sobre los 26 de Chandler.<\/p>\n\n\n\n<figure class=\"wp-block-image size-full\"><a href=\"https:\/\/alminutonoticia.com\/noticias\/wp-content\/uploads\/2024\/07\/jurar-1024x561-1.jpeg\"><img decoding=\"async\" width=\"1024\" height=\"561\" src=\"https:\/\/alminutonoticia.com\/noticias\/wp-content\/uploads\/2024\/07\/jurar-1024x561-1.jpeg\" alt=\"\" class=\"wp-image-11618\" title=\"\" srcset=\"https:\/\/alminutonoticia.com\/noticias\/wp-content\/uploads\/2024\/07\/jurar-1024x561-1.jpeg 1024w, https:\/\/alminutonoticia.com\/noticias\/wp-content\/uploads\/2024\/07\/jurar-1024x561-1-300x164.jpeg 300w, https:\/\/alminutonoticia.com\/noticias\/wp-content\/uploads\/2024\/07\/jurar-1024x561-1-768x421.jpeg 768w\" sizes=\"(max-width: 1024px) 100vw, 1024px\" \/><\/a><\/figure>\n\n\n\n<p><strong>Primer vicepresidente<\/strong><\/p>\n\n\n\n<p>Luego de ser juramentada la presidenta de la Asamblea, Casta\u00f1eda, se procedi\u00f3 a postular a los candidatos a la vicepresidencia.<\/p>\n\n\n\n<p>El diputado de Cambio Democr\u00e1tico Gertrudis Rodr\u00edguez postul\u00f3 a Didiano Pinilla y el diputado Jonathan Vega nomin\u00f3 a Patsy Lee.<\/p>\n\n\n\n<p>El cargo de primer vicepresidente lo obtuvo Pinilla, tras lograr 45 votos, mientras Lee 25.<\/p>\n\n\n\n<p><strong>Segundo vicepresidente<\/strong><\/p>\n\n\n\n<p>La diputada Grace Hern\u00e1ndez nomin\u00f3 a Jos\u00e9 P\u00e9rez Barboni para ocupar la segunda vicepresidencia de la Asamblea Nacional.<\/p>\n\n\n\n<p>Por otro lado, la diputada Yuzaida Mar\u00edn postul\u00f3 al diputado Jamis Acosta, quien sali\u00f3 victorioso con 38 votos a favor y en contra 32.<\/p>\n\n\n\n<figure class=\"wp-block-image size-full is-resized\"><a href=\"https:\/\/alminutonoticia.com\/noticias\/wp-content\/uploads\/2024\/07\/acosta-1024x683-1.jpeg\"><img decoding=\"async\" width=\"1024\" height=\"683\" src=\"https:\/\/alminutonoticia.com\/noticias\/wp-content\/uploads\/2024\/07\/acosta-1024x683-1.jpeg\" alt=\"\" class=\"wp-image-11619\" style=\"width:840px;height:auto\" title=\"\" srcset=\"https:\/\/alminutonoticia.com\/noticias\/wp-content\/uploads\/2024\/07\/acosta-1024x683-1.jpeg 1024w, https:\/\/alminutonoticia.com\/noticias\/wp-content\/uploads\/2024\/07\/acosta-1024x683-1-300x200.jpeg 300w, https:\/\/alminutonoticia.com\/noticias\/wp-content\/uploads\/2024\/07\/acosta-1024x683-1-768x512.jpeg 768w\" sizes=\"(max-width: 1024px) 100vw, 1024px\" \/><\/a><\/figure>\n\n\n\n<p><strong>Secretario general de la Asamblea Nacional<\/strong><\/p>\n\n\n\n<p>El diputado V\u00edctor Castillo postul\u00f3 a Carlos Alvarado para el cargo de secretario general de la Asamblea Nacional.<\/p>\n\n\n\n<p>Mientras que el diputado de la bancada independiente Vamos, Jorge Bloise nomin\u00f3 a Gabriel Silva.<\/p>\n\n\n\n<p>El vencedor fue Carlos Alvarado con 47 votos sobre 23 que obtuvo Silva.<\/p>\n\n\n\n<p>F\u00e1tima Agrazal, fue electa subsecretaria de la Asamblea Nacional luego de obtener 38 votos, sobre 32 que sac\u00f3 Mijail Castillo.<\/p>\n\n\n\n<figure class=\"wp-block-image size-full\"><a href=\"https:\/\/alminutonoticia.com\/noticias\/wp-content\/uploads\/2024\/07\/acosta-1024x683-2.jpeg\"><img loading=\"lazy\" decoding=\"async\" width=\"1024\" height=\"683\" src=\"https:\/\/alminutonoticia.com\/noticias\/wp-content\/uploads\/2024\/07\/acosta-1024x683-2.jpeg\" alt=\"\" class=\"wp-image-11620\" title=\"\" srcset=\"https:\/\/alminutonoticia.com\/noticias\/wp-content\/uploads\/2024\/07\/acosta-1024x683-2.jpeg 1024w, https:\/\/alminutonoticia.com\/noticias\/wp-content\/uploads\/2024\/07\/acosta-1024x683-2-300x200.jpeg 300w, https:\/\/alminutonoticia.com\/noticias\/wp-content\/uploads\/2024\/07\/acosta-1024x683-2-768x512.jpeg 768w\" sizes=\"(max-width: 1024px) 100vw, 1024px\" \/><\/a><\/figure>\n\n\n\n<p><strong>Secretario general de la Asamblea Nacional<\/strong><\/p>\n\n\n\n<p>El diputado V\u00edctor Castillo postul\u00f3 a Carlos Alvarado para el cargo de secretario general de la Asamblea Nacional.<\/p>\n\n\n\n<p>Mientras que el diputado de la bancada independiente Vamos, Jorge Bloise nomin\u00f3 a Gabriel Silva.<\/p>\n\n\n\n<p>El vencedor fue Carlos Alvarado con 47 votos sobre 23 que obtuvo Silva.<\/p>\n\n\n\n<p>F\u00e1tima Agrazal, fue electa subsecretaria de la Asamblea Nacional luego de obtener 38 votos, sobre 32 que sac\u00f3 Mijail Castillo.<\/p>\n\n\n\n<figure class=\"wp-block-image size-full\"><a href=\"https:\/\/alminutonoticia.com\/noticias\/wp-content\/uploads\/2024\/07\/presi-21-770x470-1.jpeg\"><img loading=\"lazy\" decoding=\"async\" width=\"770\" height=\"470\" src=\"https:\/\/alminutonoticia.com\/noticias\/wp-content\/uploads\/2024\/07\/presi-21-770x470-1.jpeg\" alt=\"\" class=\"wp-image-11621\" title=\"\" srcset=\"https:\/\/alminutonoticia.com\/noticias\/wp-content\/uploads\/2024\/07\/presi-21-770x470-1.jpeg 770w, https:\/\/alminutonoticia.com\/noticias\/wp-content\/uploads\/2024\/07\/presi-21-770x470-1-300x183.jpeg 300w, https:\/\/alminutonoticia.com\/noticias\/wp-content\/uploads\/2024\/07\/presi-21-770x470-1-768x469.jpeg 768w\" sizes=\"(max-width: 770px) 100vw, 770px\" \/><\/a><\/figure>\n","protected":false},"excerpt":{"rendered":"<p>Luego de la izada de la Bandera Nacional y la juramentaci\u00f3n de los diputados en la Asamblea Nacional (AN), se realiz\u00f3 la votaci\u00f3n para la escogencia de la nueva presidenta de este \u00f3rgano del Estado. En esta ocasi\u00f3n, el diputado Augusto Palacios y miembro de la bancada independiente Vamos, postul\u00f3 a Walkiria Chandler como candidata [&hellip;]<\/p>\n","protected":false},"author":3,"featured_media":11621,"comment_status":"open","ping_status":"open","sticky":false,"template":"","format":"standard","meta":{"footnotes":""},"categories":[36,37],"tags":[],"class_list":["post-11616","post","type-post","status-publish","format-standard","has-post-thumbnail","hentry","category-nacionales","category-politica"],"_links":{"self":[{"href":"https:\/\/alminutonoticia.com\/noticias\/wp-json\/wp\/v2\/posts\/11616","targetHints":{"allow":["GET"]}}],"collection":[{"href":"https:\/\/alminutonoticia.com\/noticias\/wp-json\/wp\/v2\/posts"}],"about":[{"href":"https:\/\/alminutonoticia.com\/noticias\/wp-json\/wp\/v2\/types\/post"}],"author":[{"embeddable":true,"href":"https:\/\/alminutonoticia.com\/noticias\/wp-json\/wp\/v2\/users\/3"}],"replies":[{"embeddable":true,"href":"https:\/\/alminutonoticia.com\/noticias\/wp-json\/wp\/v2\/comments?post=11616"}],"version-history":[{"count":1,"href":"https:\/\/alminutonoticia.com\/noticias\/wp-json\/wp\/v2\/posts\/11616\/revisions"}],"predecessor-version":[{"id":11622,"href":"https:\/\/alminutonoticia.com\/noticias\/wp-json\/wp\/v2\/posts\/11616\/revisions\/11622"}],"wp:featuredmedia":[{"embeddable":true,"href":"https:\/\/alminutonoticia.com\/noticias\/wp-json\/wp\/v2\/media\/11621"}],"wp:attachment":[{"href":"https:\/\/alminutonoticia.com\/noticias\/wp-json\/wp\/v2\/media?parent=11616"}],"wp:term":[{"taxonomy":"category","embeddable":true,"href":"https:\/\/alminutonoticia.com\/noticias\/wp-json\/wp\/v2\/categories?post=11616"},{"taxonomy":"post_tag","embeddable":true,"href":"https:\/\/alminutonoticia.com\/noticias\/wp-json\/wp\/v2\/tags?post=11616"}],"curies":[{"name":"wp","href":"https:\/\/api.w.org\/{rel}","templated":true}]}}