{"id":11610,"date":"2024-07-02T10:22:48","date_gmt":"2024-07-02T10:22:48","guid":{"rendered":"https:\/\/alminutonoticia.com\/noticias\/?p=11610"},"modified":"2024-07-02T10:22:50","modified_gmt":"2024-07-02T10:22:50","slug":"mulino-y-abinader-acuerdan-estrechar-lazos-y-promover-el-turismo","status":"publish","type":"post","link":"https:\/\/alminutonoticia.com\/noticias\/mulino-y-abinader-acuerdan-estrechar-lazos-y-promover-el-turismo\/","title":{"rendered":"Mulino y Abinader acuerdan estrechar lazos y promover el turismo"},"content":{"rendered":"\n<p>El presidente electo de Panam\u00e1, Jos\u00e9 Ra\u00fal Mulino, quien hoy, este 1 de julio toma posesi\u00f3n del cargo, realiz\u00f3 una reuni\u00f3n bilateral con el mandatario de Rep\u00fablica Dominicana, Luis Abinader, donde acordaron estrechar los lazos de amistad entre ambos pa\u00edses y establecer un acuerdo de cooperaci\u00f3n para el desarrollo del turismo paname\u00f1o.<\/p>\n\n\n\n<p>\u201cTenemos el \u00e1nimo de poder acercar las relaciones con Rep\u00fablica Dominicana, desde el merengue hasta la pol\u00edtica, mucho inter\u00e9s en hacerla m\u00e1s cercana\u201d, expres\u00f3 Mulino en su reuni\u00f3n oficial con Abinader.<\/p>\n\n\n\n<p>Mulino dijo que su inter\u00e9s en conseguir apoyo de Rep\u00fablica Dominicana es con el objetivo de emular el desarrollo tur\u00edstico que ha tenido este pa\u00eds.<\/p>\n\n\n\n<p>\u201cPanam\u00e1 tiene de todo para desarrollar el turismo, pero tuvimos 10 a\u00f1os estancados. Ahora necesitamos crear empleos, llenar las habitaciones de hoteles\u201d, se\u00f1al\u00f3 Mulino tras adelantar algunas estrategias que implantar\u00e1 su gobierno como promover convenciones internacionales a trav\u00e9s de algunos incentivos.<\/p>\n\n\n\n<p>Abinader dijo estar abierto a brindarle a Panam\u00e1 asesor\u00eda en estrategias para el desarrollo de su sector tur\u00edstico, se\u00f1alando como ejemplo los incentivos que funcionen bien.<\/p>\n\n\n\n<p>\u201cEstamos dispuestos a ayudar y asesorar, tenemos un equipo muy bueno\u201d, expres\u00f3 Abinader.<\/p>\n\n\n\n<figure class=\"wp-block-image size-full\"><a href=\"https:\/\/alminutonoticia.com\/noticias\/wp-content\/uploads\/2024\/07\/benadier-1-738x470-1.jpg\"><img fetchpriority=\"high\" decoding=\"async\" width=\"738\" height=\"470\" src=\"https:\/\/alminutonoticia.com\/noticias\/wp-content\/uploads\/2024\/07\/benadier-1-738x470-1.jpg\" alt=\"\" class=\"wp-image-11611\" title=\"\" srcset=\"https:\/\/alminutonoticia.com\/noticias\/wp-content\/uploads\/2024\/07\/benadier-1-738x470-1.jpg 738w, https:\/\/alminutonoticia.com\/noticias\/wp-content\/uploads\/2024\/07\/benadier-1-738x470-1-300x191.jpg 300w\" sizes=\"(max-width: 738px) 100vw, 738px\" \/><\/a><\/figure>\n","protected":false},"excerpt":{"rendered":"<p>El presidente electo de Panam\u00e1, Jos\u00e9 Ra\u00fal Mulino, quien hoy, este 1 de julio toma posesi\u00f3n del cargo, realiz\u00f3 una reuni\u00f3n bilateral con el mandatario de Rep\u00fablica Dominicana, Luis Abinader, donde acordaron estrechar los lazos de amistad entre ambos pa\u00edses y establecer un acuerdo de cooperaci\u00f3n para el desarrollo del turismo paname\u00f1o. \u201cTenemos el \u00e1nimo [&hellip;]<\/p>\n","protected":false},"author":3,"featured_media":11611,"comment_status":"open","ping_status":"open","sticky":false,"template":"","format":"standard","meta":{"footnotes":""},"categories":[36,39],"tags":[],"class_list":["post-11610","post","type-post","status-publish","format-standard","has-post-thumbnail","hentry","category-nacionales","category-internacionales"],"_links":{"self":[{"href":"https:\/\/alminutonoticia.com\/noticias\/wp-json\/wp\/v2\/posts\/11610","targetHints":{"allow":["GET"]}}],"collection":[{"href":"https:\/\/alminutonoticia.com\/noticias\/wp-json\/wp\/v2\/posts"}],"about":[{"href":"https:\/\/alminutonoticia.com\/noticias\/wp-json\/wp\/v2\/types\/post"}],"author":[{"embeddable":true,"href":"https:\/\/alminutonoticia.com\/noticias\/wp-json\/wp\/v2\/users\/3"}],"replies":[{"embeddable":true,"href":"https:\/\/alminutonoticia.com\/noticias\/wp-json\/wp\/v2\/comments?post=11610"}],"version-history":[{"count":1,"href":"https:\/\/alminutonoticia.com\/noticias\/wp-json\/wp\/v2\/posts\/11610\/revisions"}],"predecessor-version":[{"id":11612,"href":"https:\/\/alminutonoticia.com\/noticias\/wp-json\/wp\/v2\/posts\/11610\/revisions\/11612"}],"wp:featuredmedia":[{"embeddable":true,"href":"https:\/\/alminutonoticia.com\/noticias\/wp-json\/wp\/v2\/media\/11611"}],"wp:attachment":[{"href":"https:\/\/alminutonoticia.com\/noticias\/wp-json\/wp\/v2\/media?parent=11610"}],"wp:term":[{"taxonomy":"category","embeddable":true,"href":"https:\/\/alminutonoticia.com\/noticias\/wp-json\/wp\/v2\/categories?post=11610"},{"taxonomy":"post_tag","embeddable":true,"href":"https:\/\/alminutonoticia.com\/noticias\/wp-json\/wp\/v2\/tags?post=11610"}],"curies":[{"name":"wp","href":"https:\/\/api.w.org\/{rel}","templated":true}]}}